{"id":1298,"date":"2021-12-15T13:26:40","date_gmt":"2021-12-15T13:26:40","guid":{"rendered":"https:\/\/wp.esmero.de\/?p=1298"},"modified":"2022-05-21T09:45:21","modified_gmt":"2022-05-21T09:45:21","slug":"bernburg-in-360","status":"publish","type":"post","link":"https:\/\/esmero.de\/en\/bernburg-in-360\/","title":{"rendered":"Bernburg in 360\u00b0"},"content":{"rendered":"<section class=\"l-section wpb_row height_auto\"><div class=\"l-section-h i-cf\"><div class=\"g-cols vc_row via_flex valign_top type_default stacking_default\"><div class=\"vc_col-sm-12 wpb_column vc_column_container\"><div class=\"vc_column-inner\"><div class=\"wpb_wrapper\"><div class=\"wpb_text_column\"><div class=\"wpb_wrapper\"><p>Durch <a href=\"https:\/\/halle-dreht-sich.de\/HalleTour\/\" target=\"_blank\" rel=\"noopener\">&#8220;Halle-dreht-sich&#8221;<\/a> inspiriert wurde der Grundstein im vergangenen Jahr f\u00fcr <a href=\"https:\/\/bbg360.de\" target=\"_blank\" rel=\"noopener\">Bernburg in 360\u00b0<\/a> gelegt. Bisher wurden 35 Panoramen aus der Vogelperspektive geschaffen. Diese dienen der \u00dcbersicht \u00fcber die Stadt und erm\u00f6glichen es eine gezielte Navigation in der virtuellen Tour zu gew\u00e4hrleisten.<br \/>\nNach und nach wird die Tour durch weitere hilfreiche Inhalte erg\u00e4nzt wie touristische Attraktionen und Informationen zu Gesch\u00e4ften, Restaurants usw.<\/p>\n<p>Im n\u00e4chsten Schritt ist geplant diesen Rundgang als zentralen Bestandteil des Newsportal bbglive.de zu nutzen und die entsprechenden Nachrichten mit der Visualisierung zu verkn\u00fcpfen.<\/p>\n<p><iframe loading=\"lazy\" id=\"panorama\" src=\"https:\/\/bbg.halpix.de\" name=\"iframe_panorama\" width=\"100%\" height=\"510\" frameborder=\"0\" scrolling=\"no\" align=\"top\" allowfullscreen=\"allowfullscreen\"><span data-mce-type=\"bookmark\" style=\"display: inline-block; width: 0px; overflow: hidden; line-height: 0;\" class=\"mce_SELRES_start\">\ufeff<\/span><span data-mce-type=\"bookmark\" style=\"display: inline-block; width: 0px; overflow: hidden; line-height: 0;\" class=\"mce_SELRES_start\">\ufeff<\/span><\/iframe><\/p>\n<\/div><\/div><div class=\"w-separator size_small\"><\/div><\/div><\/div><\/div><\/div><\/div><\/section>\n","protected":false},"excerpt":{"rendered":"Durch &#8220;Halle-dreht-sich&#8221; inspiriert wurde der Grundstein im vergangenen Jahr f\u00fcr Bernburg in 360\u00b0 gelegt. Bisher wurden 35 Panoramen aus der Vogelperspektive geschaffen. Diese dienen der \u00dcbersicht \u00fcber die Stadt und erm\u00f6glichen es eine gezielte Navigation in der virtuellen Tour zu gew\u00e4hrleisten. Nach und nach wird die Tour durch weitere hilfreiche Inhalte erg\u00e4nzt wie touristische Attraktionen...","protected":false},"author":1,"featured_media":1299,"comment_status":"open","ping_status":"open","sticky":false,"template":"","format":"standard","meta":{"inline_featured_image":false,"pgc_sgb_lightbox_settings":"","footnotes":""},"categories":[31,44],"tags":[35,36,37,45,58,60],"class_list":["post-1298","post","type-post","status-publish","format-standard","has-post-thumbnail","hentry","category-360-touren","category-luftaufnahmen","tag-360-grad","tag-virtuelle-touren","tag-panoramaaufnahmen","tag-luftaufnahmen","tag-drohne","tag-luftbilder"],"_links":{"self":[{"href":"https:\/\/esmero.de\/en\/wp-json\/wp\/v2\/posts\/1298","targetHints":{"allow":["GET"]}}],"collection":[{"href":"https:\/\/esmero.de\/en\/wp-json\/wp\/v2\/posts"}],"about":[{"href":"https:\/\/esmero.de\/en\/wp-json\/wp\/v2\/types\/post"}],"author":[{"embeddable":true,"href":"https:\/\/esmero.de\/en\/wp-json\/wp\/v2\/users\/1"}],"replies":[{"embeddable":true,"href":"https:\/\/esmero.de\/en\/wp-json\/wp\/v2\/comments?post=1298"}],"version-history":[{"count":9,"href":"https:\/\/esmero.de\/en\/wp-json\/wp\/v2\/posts\/1298\/revisions"}],"predecessor-version":[{"id":3074,"href":"https:\/\/esmero.de\/en\/wp-json\/wp\/v2\/posts\/1298\/revisions\/3074"}],"wp:featuredmedia":[{"embeddable":true,"href":"https:\/\/esmero.de\/en\/wp-json\/wp\/v2\/media\/1299"}],"wp:attachment":[{"href":"https:\/\/esmero.de\/en\/wp-json\/wp\/v2\/media?parent=1298"}],"wp:term":[{"taxonomy":"category","embeddable":true,"href":"https:\/\/esmero.de\/en\/wp-json\/wp\/v2\/categories?post=1298"},{"taxonomy":"post_tag","embeddable":true,"href":"https:\/\/esmero.de\/en\/wp-json\/wp\/v2\/tags?post=1298"}],"curies":[{"name":"wp","href":"https:\/\/api.w.org\/{rel}","templated":true}]}}