{"id":1313,"date":"2021-07-31T11:20:16","date_gmt":"2021-07-31T11:20:16","guid":{"rendered":"https:\/\/wp.esmero.de\/?p=1313"},"modified":"2022-05-14T07:10:33","modified_gmt":"2022-05-14T07:10:33","slug":"viertelpoet-musikvideo","status":"publish","type":"post","link":"https:\/\/esmero.de\/en\/viertelpoet-musikvideo\/","title":{"rendered":"Viertelpoet Musikvideo"},"content":{"rendered":"<section class=\"l-section wpb_row height_auto\"><div class=\"l-section-h i-cf\"><div class=\"g-cols vc_row via_flex valign_top type_default stacking_default\"><div class=\"vc_col-sm-12 wpb_column vc_column_container\"><div class=\"vc_column-inner\"><div class=\"wpb_wrapper\"><div class=\"wpb_text_column\"><div class=\"wpb_wrapper\"><p>Die hallesche Band Viertelpoet wollte mit ihrem letzten Musikvideo einen Schlussakkord setzen und wir durften sie bei der Produktion tatkr\u00e4ftig unterst\u00fctzen und ihnen ein sch\u00f6nes letztes Video zaubern. Die wundersch\u00f6ne Kulisse des Paul-Riebeck-Stift-Pflegeheimes bot gen\u00fcgend kreativen Spielraum, um das Video \u00e4sthetisch und stimmungsvoll umzusetzen.<\/p>\n<p>Es hat uns viel Spa\u00df bereitet mit allen Darstellern, Helfern und nat\u00fcrlich mit der Band selber zusammenzuarbeiten! Wir w\u00fcnschen der Band alles Gute und einen sch\u00f6nen musikalischen Ausklang. Herzlichen Dank an Ecki von <a href=\"https:\/\/www.youtube.com\/channel\/UCzyBlIm4NE2ch85fY3Y4cOA\" target=\"_blank\" rel=\"noopener\">Asphalt.Art<\/a> f\u00fcr die videografische Unterst\u00fctzung!<\/p>\n<\/div><\/div><div class=\"w-separator size_medium\"><\/div><div class=\"w-video align_none ratio_16x9 has_iframe\"><div class=\"w-video-h\"><iframe title=\"Youtube video player\" src=\"\/\/www.youtube.com\/embed\/g7JVLKVYio4?autoplay=0&controls=1&origin=https:\/\/esmero.de\/en&loop=0&mute=0\" allowfullscreen=\"1\" loading=\"lazy\"><\/iframe><\/div><\/div><div class=\"w-separator size_medium\"><\/div><div class=\"wpb_text_column\"><div class=\"wpb_wrapper\"><h4 style=\"text-align: center;\">Bildergalerie<\/h4>\n<\/div><\/div><div class=\"w-separator size_small\"><\/div><div class=\"w-slider style_none fit_cover nav_thumbs count_4\" style=\"--thumbs-width:4rem;--thumbs-gap:4px;\"><div class=\"w-slider-h\" aria-hidden=\"true\"><div class=\"royalSlider\"><div class=\"rsContent\"><a class=\"rsImg\" data-rsw=\"1024\" data-rsh=\"768\" data-rsBigImg=\"https:\/\/esmero.de\/wp-content\/uploads\/2022\/02\/Viertelpoet_1-scaled.jpg\" href=\"https:\/\/esmero.de\/wp-content\/uploads\/2022\/02\/Viertelpoet_1-1024x768.jpg\"><span data-alt=\"\"><\/span><\/a><img loading=\"lazy\" decoding=\"async\" width=\"150\" height=\"150\" src=\"https:\/\/esmero.de\/wp-content\/uploads\/2022\/02\/Viertelpoet_1-150x150.jpg\" class=\"rsTmb\" alt=\"\" srcset=\"https:\/\/esmero.de\/wp-content\/uploads\/2022\/02\/Viertelpoet_1-150x150.jpg 150w, https:\/\/esmero.de\/wp-content\/uploads\/2022\/02\/Viertelpoet_1-300x300.jpg 300w\" sizes=\"auto, (max-width: 150px) 100vw, 150px\" \/><\/div><div class=\"rsContent\"><a class=\"rsImg\" data-rsw=\"1024\" data-rsh=\"768\" data-rsBigImg=\"https:\/\/esmero.de\/wp-content\/uploads\/2022\/02\/Viertelpoet_3-scaled.jpg\" href=\"https:\/\/esmero.de\/wp-content\/uploads\/2022\/02\/Viertelpoet_3-1024x768.jpg\"><span data-alt=\"\"><\/span><\/a><img loading=\"lazy\" decoding=\"async\" width=\"150\" height=\"150\" src=\"https:\/\/esmero.de\/wp-content\/uploads\/2022\/02\/Viertelpoet_3-150x150.jpg\" class=\"rsTmb\" alt=\"\" srcset=\"https:\/\/esmero.de\/wp-content\/uploads\/2022\/02\/Viertelpoet_3-150x150.jpg 150w, https:\/\/esmero.de\/wp-content\/uploads\/2022\/02\/Viertelpoet_3-300x300.jpg 300w\" sizes=\"auto, (max-width: 150px) 100vw, 150px\" \/><\/div><div class=\"rsContent\"><a class=\"rsImg\" data-rsw=\"1024\" data-rsh=\"768\" data-rsBigImg=\"https:\/\/esmero.de\/wp-content\/uploads\/2022\/02\/Viertelpoet_4-scaled.jpg\" href=\"https:\/\/esmero.de\/wp-content\/uploads\/2022\/02\/Viertelpoet_4-1024x768.jpg\"><span data-alt=\"\"><\/span><\/a><img loading=\"lazy\" decoding=\"async\" width=\"150\" height=\"150\" src=\"https:\/\/esmero.de\/wp-content\/uploads\/2022\/02\/Viertelpoet_4-150x150.jpg\" class=\"rsTmb\" alt=\"\" srcset=\"https:\/\/esmero.de\/wp-content\/uploads\/2022\/02\/Viertelpoet_4-150x150.jpg 150w, https:\/\/esmero.de\/wp-content\/uploads\/2022\/02\/Viertelpoet_4-300x300.jpg 300w\" sizes=\"auto, (max-width: 150px) 100vw, 150px\" \/><\/div><div class=\"rsContent\"><a class=\"rsImg\" data-rsw=\"1024\" data-rsh=\"768\" data-rsBigImg=\"https:\/\/esmero.de\/wp-content\/uploads\/2022\/02\/Viertelpoet_2-scaled.jpg\" href=\"https:\/\/esmero.de\/wp-content\/uploads\/2022\/02\/Viertelpoet_2-1024x768.jpg\"><span data-alt=\"\"><\/span><\/a><img loading=\"lazy\" decoding=\"async\" width=\"150\" height=\"150\" src=\"https:\/\/esmero.de\/wp-content\/uploads\/2022\/02\/Viertelpoet_2-150x150.jpg\" class=\"rsTmb\" alt=\"\" srcset=\"https:\/\/esmero.de\/wp-content\/uploads\/2022\/02\/Viertelpoet_2-150x150.jpg 150w, https:\/\/esmero.de\/wp-content\/uploads\/2022\/02\/Viertelpoet_2-300x300.jpg 300w\" sizes=\"auto, (max-width: 150px) 100vw, 150px\" \/><\/div><\/div><img decoding=\"async\" src=\"https:\/\/esmero.de\/wp-content\/uploads\/2022\/02\/Viertelpoet_1-1024x768.jpg\" width=\"1024\" height=\"768\" alt loading=\"lazy\"><\/div><div class=\"w-slider-json\" onclick='return {&quot;autoScaleSlider&quot;:true,&quot;addActiveClass&quot;:true,&quot;loop&quot;:true,&quot;fadeInLoadedSlide&quot;:false,&quot;slidesSpacing&quot;:0,&quot;imageScalePadding&quot;:0,&quot;numImagesToPreload&quot;:2,&quot;arrowsNav&quot;:true,&quot;arrowsNavAutoHide&quot;:false,&quot;transitionType&quot;:&quot;move&quot;,&quot;transitionSpeed&quot;:250,&quot;block&quot;:{&quot;moveEffect&quot;:&quot;none&quot;,&quot;speed&quot;:300},&quot;thumbs&quot;:{&quot;fitInViewport&quot;:false,&quot;firstMargin&quot;:false,&quot;spacing&quot;:4},&quot;controlNavigation&quot;:&quot;thumbnails&quot;,&quot;autoplay&quot;:{&quot;enabled&quot;:true,&quot;pauseOnHover&quot;:true,&quot;delay&quot;:3000},&quot;fullscreen&quot;:{&quot;enabled&quot;:true},&quot;autoScaleSliderWidth&quot;:1024,&quot;autoScaleSliderHeight&quot;:768}'><\/div><\/div><div class=\"w-separator size_medium\"><\/div><\/div><\/div><\/div><\/div><\/div><\/section>\n","protected":false},"excerpt":{"rendered":"Die hallesche Band Viertelpoet wollte mit ihrem letzten Musikvideo einen Schlussakkord setzen und wir durften sie bei der Produktion tatkr\u00e4ftig unterst\u00fctzen und ihnen ein sch\u00f6nes letztes Video zaubern. Die wundersch\u00f6ne Kulisse des Paul-Riebeck-Stift-Pflegeheimes bot gen\u00fcgend kreativen Spielraum, um das Video \u00e4sthetisch und stimmungsvoll umzusetzen. Es hat uns viel Spa\u00df bereitet mit allen Darstellern, Helfern und...","protected":false},"author":1,"featured_media":1323,"comment_status":"open","ping_status":"open","sticky":false,"template":"","format":"standard","meta":{"inline_featured_image":false,"pgc_sgb_lightbox_settings":"","footnotes":""},"categories":[109],"tags":[71,110,111,112,113,114],"class_list":["post-1313","post","type-post","status-publish","format-standard","has-post-thumbnail","hentry","category-video","tag-halle-saale","tag-videoproduktion","tag-video","tag-musikvideo","tag-virtelpoet","tag-paul-riebeck-stift"],"_links":{"self":[{"href":"https:\/\/esmero.de\/en\/wp-json\/wp\/v2\/posts\/1313","targetHints":{"allow":["GET"]}}],"collection":[{"href":"https:\/\/esmero.de\/en\/wp-json\/wp\/v2\/posts"}],"about":[{"href":"https:\/\/esmero.de\/en\/wp-json\/wp\/v2\/types\/post"}],"author":[{"embeddable":true,"href":"https:\/\/esmero.de\/en\/wp-json\/wp\/v2\/users\/1"}],"replies":[{"embeddable":true,"href":"https:\/\/esmero.de\/en\/wp-json\/wp\/v2\/comments?post=1313"}],"version-history":[{"count":13,"href":"https:\/\/esmero.de\/en\/wp-json\/wp\/v2\/posts\/1313\/revisions"}],"predecessor-version":[{"id":1727,"href":"https:\/\/esmero.de\/en\/wp-json\/wp\/v2\/posts\/1313\/revisions\/1727"}],"wp:featuredmedia":[{"embeddable":true,"href":"https:\/\/esmero.de\/en\/wp-json\/wp\/v2\/media\/1323"}],"wp:attachment":[{"href":"https:\/\/esmero.de\/en\/wp-json\/wp\/v2\/media?parent=1313"}],"wp:term":[{"taxonomy":"category","embeddable":true,"href":"https:\/\/esmero.de\/en\/wp-json\/wp\/v2\/categories?post=1313"},{"taxonomy":"post_tag","embeddable":true,"href":"https:\/\/esmero.de\/en\/wp-json\/wp\/v2\/tags?post=1313"}],"curies":[{"name":"wp","href":"https:\/\/api.w.org\/{rel}","templated":true}]}}