{"id":249,"date":"2020-04-27T07:51:49","date_gmt":"2020-04-27T07:51:49","guid":{"rendered":"https:\/\/wp.esmero.de\/?p=249"},"modified":"2022-05-14T07:52:17","modified_gmt":"2022-05-14T07:52:17","slug":"antonov-225-mrija","status":"publish","type":"post","link":"https:\/\/esmero.de\/en\/antonov-225-mrija\/","title":{"rendered":"Ankunft des gr\u00f6\u00dften Flugzeug der Welt Antonov 225"},"content":{"rendered":"<section class=\"l-section wpb_row height_small\"><div class=\"l-section-h i-cf\"><div class=\"g-cols vc_row via_flex valign_top type_default stacking_default\"><div class=\"vc_col-sm-12 wpb_column vc_column_container\"><div class=\"vc_column-inner\"><div class=\"wpb_wrapper\"><div class=\"w-image align_center\"><a ref=\"magnificPopup\" href=\"https:\/\/esmero.de\/wp-content\/uploads\/2021\/12\/Antonov-225-Mrija-scaled.jpg\" aria-label=\"Antonov 225 Mrija\" class=\"w-image-h\"><img decoding=\"async\" width=\"338\" height=\"450\" src=\"https:\/\/esmero.de\/wp-content\/uploads\/2021\/12\/Antonov-225-Mrija-338x450.jpg\" class=\"attachment-us_450_450 size-us_450_450\" alt=\"\" loading=\"lazy\" srcset=\"https:\/\/esmero.de\/wp-content\/uploads\/2021\/12\/Antonov-225-Mrija-338x450.jpg 338w, https:\/\/esmero.de\/wp-content\/uploads\/2021\/12\/Antonov-225-Mrija-scaled-600x800.jpg 600w, https:\/\/esmero.de\/wp-content\/uploads\/2021\/12\/Antonov-225-Mrija-scaled-225x300.jpg 225w, https:\/\/esmero.de\/wp-content\/uploads\/2021\/12\/Antonov-225-Mrija-scaled-768x1024.jpg 768w, https:\/\/esmero.de\/wp-content\/uploads\/2021\/12\/Antonov-225-Mrija-scaled-300x400.jpg 300w, https:\/\/esmero.de\/wp-content\/uploads\/2021\/12\/Antonov-225-Mrija-scaled.jpg 1920w\" sizes=\"auto, (max-width: 338px) 100vw, 338px\" \/><\/a><\/div><div class=\"w-separator size_small\"><\/div><div class=\"wpb_text_column\"><div class=\"wpb_wrapper\"><p>Der Corona-Dauereinsatz f\u00fchrte den Giganten der Luftfahrt heute nach Mitteldeutschland. Am Vormittag landete die Antonov 225 Mrija, das gr\u00f6\u00dfte Frachtflugzeug der Welt, am Flughafen Leipzig\/Halle.<\/p>\n<p>Bundesverteidigungsministerin Annegret Kramp-Karrenbauer und G\u00f6tz Ahmelmann, CEO der Mitteldeutsche Flughafen AG, begr\u00fc\u00dften nach der Landung der Maschine die Besatzung.<\/p>\n<p>Wir haben das ganze Geschehen f\u00fcr\u00a0<a href=\"https:\/\/www.hallelife.de\/\" target=\"_blank\" rel=\"noopener\"><strong>HalleLife<\/strong><\/a>\u00a0in\u00a0<strong>Bild-<\/strong>,\u00a0<strong>Video-<\/strong>, und\u00a0<strong>360\u00b0 Panoramaaufnahmen<\/strong>\u00a0festgehalten.<\/p>\n<\/div><\/div><\/div><\/div><\/div><\/div><\/div><\/section>\n","protected":false},"excerpt":{"rendered":"Der Corona-Dauereinsatz f\u00fchrte den Giganten der Luftfahrt heute nach Mitteldeutschland. Am Vormittag landete die Antonov 225 Mrija, das gr\u00f6\u00dfte Frachtflugzeug der Welt, am Flughafen Leipzig\/Halle. Bundesverteidigungsministerin Annegret Kramp-Karrenbauer und G\u00f6tz Ahmelmann, CEO der Mitteldeutsche Flughafen AG, begr\u00fc\u00dften nach der Landung der Maschine die Besatzung. Wir haben das ganze Geschehen f\u00fcr\u00a0HalleLife\u00a0in\u00a0Bild-,\u00a0Video-, und\u00a0360\u00b0 Panoramaaufnahmen\u00a0festgehalten.","protected":false},"author":1,"featured_media":252,"comment_status":"open","ping_status":"open","sticky":false,"template":"","format":"standard","meta":{"inline_featured_image":false,"pgc_sgb_lightbox_settings":"","footnotes":""},"categories":[31],"tags":[35,36,37],"class_list":["post-249","post","type-post","status-publish","format-standard","has-post-thumbnail","hentry","category-360-touren","tag-360-grad","tag-virtuelle-touren","tag-panoramaaufnahmen"],"_links":{"self":[{"href":"https:\/\/esmero.de\/en\/wp-json\/wp\/v2\/posts\/249","targetHints":{"allow":["GET"]}}],"collection":[{"href":"https:\/\/esmero.de\/en\/wp-json\/wp\/v2\/posts"}],"about":[{"href":"https:\/\/esmero.de\/en\/wp-json\/wp\/v2\/types\/post"}],"author":[{"embeddable":true,"href":"https:\/\/esmero.de\/en\/wp-json\/wp\/v2\/users\/1"}],"replies":[{"embeddable":true,"href":"https:\/\/esmero.de\/en\/wp-json\/wp\/v2\/comments?post=249"}],"version-history":[{"count":7,"href":"https:\/\/esmero.de\/en\/wp-json\/wp\/v2\/posts\/249\/revisions"}],"predecessor-version":[{"id":3016,"href":"https:\/\/esmero.de\/en\/wp-json\/wp\/v2\/posts\/249\/revisions\/3016"}],"wp:featuredmedia":[{"embeddable":true,"href":"https:\/\/esmero.de\/en\/wp-json\/wp\/v2\/media\/252"}],"wp:attachment":[{"href":"https:\/\/esmero.de\/en\/wp-json\/wp\/v2\/media?parent=249"}],"wp:term":[{"taxonomy":"category","embeddable":true,"href":"https:\/\/esmero.de\/en\/wp-json\/wp\/v2\/categories?post=249"},{"taxonomy":"post_tag","embeddable":true,"href":"https:\/\/esmero.de\/en\/wp-json\/wp\/v2\/tags?post=249"}],"curies":[{"name":"wp","href":"https:\/\/api.w.org\/{rel}","templated":true}]}}