{"id":2490,"date":"2022-03-27T13:37:51","date_gmt":"2022-03-27T13:37:51","guid":{"rendered":"https:\/\/esmero.de\/?p=2490"},"modified":"2022-05-14T07:02:44","modified_gmt":"2022-05-14T07:02:44","slug":"stadtbadkerze","status":"publish","type":"post","link":"https:\/\/esmero.de\/en\/stadtbadkerze\/","title":{"rendered":"Mit einem 3D-Modell zur Stadtbadkerze"},"content":{"rendered":"<section class=\"l-section wpb_row height_auto\"><div class=\"l-section-h i-cf\"><div class=\"g-cols vc_row via_flex valign_top type_default stacking_default\"><div class=\"vc_col-sm-12 wpb_column vc_column_container\"><div class=\"vc_column-inner\"><div class=\"wpb_wrapper\"><div class=\"wpb_text_column\"><div class=\"wpb_wrapper\"><h4>Mit Fotogrammetrie und einem 3D-Modell zur Stadtbadkerze<\/h4>\n<p>Im Herbst 2020 erstellten wir mithilfe von <a href=\"https:\/\/esmero.de\/portfolio\/fotogrammetrie\/\" target=\"_blank\" rel=\"noopener\">Fotogrammetrie<\/a> ein 3D-Modell des Turm des Stadtbades und pr\u00e4sentierten es dem <a href=\"https:\/\/www.zukunftstadtbadhalle.de\/\" target=\"_blank\" rel=\"noopener\">F\u00f6rdervereins Zukunft Stadtbad Halle e.V<\/a>. Sehr schnell war klar, auf der Basis dieses Modells Produkte zu entwickeln, um das historische Bad zu bewerben und den Menschen, die es lieben, Freude zu schenken. Die Kerze ist das erste Ergebnis in der Produktlinie und weitere werden in den kommenden Jahren folgen.<br \/>\nVon der Idee bis zum fertiggestellten Produkt waren zahlreiche Entwicklungsschritte notwendig und der erste Schritt war ein digitales Modell des Turms. Ausgangspunkt waren unsere Film- und Fotoaufnahmen, die von unserem Copterpiloten mit einer Drohne aufgenommen wurden. \u00dcber Fotogrammetrie konnte das digitale Modell erstellt,\u00a0 ein reales Modell gedruckt und damit eine Negativform gegossen werden.<\/p>\n<h4>Die Stadtbadkerze<\/h4>\n<p>In einer Kooperation mit der Halleschen Behindertenwerkst\u00e4tten e.V. wurde in der Form die Kerzen in Handarbeit hergestellt, sodass im Jahr 2021 zun\u00e4chst eine erste Edition aus Bienenwachs entstanden ist. Der F\u00f6rderverein konnte sogar Sponsoren f\u00fcr die Anlauffinanzierung einwerben. Ein Zeichen, dass dieses Projekt auf gro\u00dfes Interesse sto\u00dfen wird.\u00a0 Am Tag des offenen Denkmals war es dann soweit: gemeinsam mit allen Kooperationspartnern wurde die erste Stadtbadkerze medienwirksam der Presse vorgestellt.<\/p>\n<h4>Die Weiterentwicklung<\/h4>\n<p>Die limitierte Edition in Bienenwachs war ein voller Erfolg und innerhalb eines Monats ausverkauft. Deshalb wurde ziemlich schnell der Entschluss getroffen, zwei weitere Varianten zu entwickeln. Zun\u00e4chst sollte es eine Sonderedition in Rot geben, die in der Adventszeit auf den Markt gebracht wurde.<br \/>\nEine weitere Edition in smaragdgr\u00fcn wird in 2022 produziert &#8211; farblich angelehnt an die Farbe des Wassers im Stadtbad.<br \/>\nMit Mario Sczepek und seinem Team von der Behindertenwerkstat hatten und haben wir kompetente und geduldige Projektpartner gefunden.<\/p>\n<h5>Produktdaten der Kerze: Variante Bienenwachs<\/h5>\n<p>H\u00f6he der Kerze: 15 cm<br \/>\nGrundriss: 5 x 5 cm<br \/>\nVerpackung: Naturkarton<br \/>\nPreis: 20 \u20ac<br \/>\nLimitiert auf 100 St\u00fcck<br \/>\nAusverkauft<\/p>\n<h5>Produktdaten der Kerze: Variante rot &amp; smaragdgr\u00fcn<\/h5>\n<p>H\u00f6he der Kerze: 15 cm<br \/>\nGrundriss: 5 x 5 cm<br \/>\nVerpackung: Naturkarton<br \/>\nPreis: 10 \u20ac<br \/>\nVariante rot: Ausverkauft<br \/>\nVariante smaragdgr\u00fcn: ab 2022<\/p>\n<h4>Der Turm des Stadtbades &#8211; Ein Leuchtturm der Stadt Halle (Saale)<\/h4>\n<p>Die Kerze zeigt den Wasserturm des halleschen Stadtbades. Von vielen Standorten weithin sichtbar, \u00fcberragt der Wasserturm das Stadtbadareal. Seine urspr\u00fcngliche Funktion war die eines Druckausgleichsbeh\u00e4lters, wie es an vielen Hallenb\u00e4dern der Zeit notwendig war. Jedoch gibt es wenige historische B\u00e4der, an dem der Wasserturm so dominant und pr\u00e4gnant in das Stadtbild eingef\u00fcgt wurde.<br \/>\nAls technische Notwendigkeit, um den Wasserdruck im Bad konstant zu halten, erf\u00fcllte er zudem die Funktion eines optischen Leuchtturms und so kommt ihm noch heute ein identit\u00e4tsstiftender Zweck zu.<br \/>\nDer Turm schlie\u00dft mit einer achtseitigen Laterne ab. Sie ist doppelreihig angelegt, mit je 8 Schweifgiebeln auf deren Enden jeweils ein kupferner Zapfen steht. Wilhelm Jost passt den Turm auf herausragende Weise in die noch heute fast identische Stadtsilhouette ein. Vorbilder, die der Architekt nicht kopierte, sondern bewusst adaptierte, sind die Turmabschl\u00fcsse der Hausmannst\u00fcrme sowie der verloren gegangene Turm des alten Rathauses.<br \/>\nEine \u00fcberlebensgro\u00dfe Kupferplastik bildete den gestalterischen H\u00f6hepunkt des Au\u00dfenbaues. Diese Figur war angelehnt an die vom griechischen K\u00fcnstler Boidas (330 v. Chr.) geschaffene Figur des Betenden Knaben (heute in der Berliner Antikensammlung). Unsere Turmfigur wurde demnach nach antiken Idealvorstellungen geformte. Sie symbolisiert vor Kraft und Gesundheit und sie verweist darauf, dass es an diesem Ort um den gesunden, kr\u00e4ftigen und vitalen Menschen geht.<br \/>\nNoch in den 60-er Jahren des 20. Jahrhunderts im Keller des Stadtbades fotografiert, gilt sie heute leider als verloren.<br \/>\nUnd heute steht dieser Leuchtturm symbolisch f\u00fcr die Bedeutung des Stadtbades: Mit 22,3 Mio Euro staatliche Mittel wird das Stadtbad in den kommenden Jahren saniert, damit ist es ein Leuchtturmprojekt der Stadt.<br \/>\nUnd nun k\u00f6nnen Sie sich den Leuchtturm der Stadt mit nach Hause nehmen.<\/p>\n<h4>Das Projektteam<\/h4>\n<p>\u00b7 3D-Modell: Alexander Schieberle &amp; Kai Schmidt (ESMERO.de)<br \/>\n\u00b7 3D-Druck: Alexander Schieberle<br \/>\n\u00b7 Negativformen: Kai Schmidt<br \/>\n\u00b7 Organisation: Kathleen Hirschnitz: <a href=\"https:\/\/www.konzeptkunstgeschichte.de\/\" target=\"_blank\" rel=\"noopener\">B\u00fcro f\u00fcr Projekt- und Kulturmanagement<\/a><br \/>\n\u00b7 Gestaltung Verpackung und Faltblatt: <a href=\"https:\/\/www.frank-und-frei.net\/\" target=\"_blank\" rel=\"noopener\">frank&amp;frei \u2013 B\u00fcro f\u00fcr Gestaltung Halle<\/a><br \/>\n\u00b7 Kerzenherstellung: <a href=\"https:\/\/hbwev.emenue.net\" target=\"_blank\" rel=\"noopener\">Hallesche Behindertenwerkst\u00e4tten e.V.<\/a><br \/>\n\u00b7 Verpackungsherstellung: <a href=\"https:\/\/www.pfau-verpackung.de\/\" target=\"_blank\" rel=\"noopener\">Pfau Verpackung+Service GmbH, Alpirsbach<\/a><\/p>\n<h4>Die Entwicklung der Stadtbadkerze in Bildern<\/h4>\n<div class=\"w-gallery fit_cover wp_gallery type_masonry action_popup_image with_isotope ratio_auto count_40\" style=\"--columns:5;--items-gap:8px;\"><div class=\"w-gallery-list\"><div class=\"w-gallery-item\"><div class=\"w-gallery-item-img\"><img loading=\"lazy\" decoding=\"async\" width=\"224\" height=\"300\" src=\"https:\/\/esmero.de\/wp-content\/uploads\/2022\/04\/Turm_S-9.2.HOCHTI-Nr.-445_Turm_Hof-Steintorschule_sepia-224x300.jpg\" class=\"attachment-medium size-medium\" alt=\"Stadtbad mit Stadtbadturm. Bildrechte: Stadtarchiv Halle.\" srcset=\"https:\/\/esmero.de\/wp-content\/uploads\/2022\/04\/Turm_S-9.2.HOCHTI-Nr.-445_Turm_Hof-Steintorschule_sepia-224x300.jpg 224w, https:\/\/esmero.de\/wp-content\/uploads\/2022\/04\/Turm_S-9.2.HOCHTI-Nr.-445_Turm_Hof-Steintorschule_sepia-765x1024.jpg 765w, https:\/\/esmero.de\/wp-content\/uploads\/2022\/04\/Turm_S-9.2.HOCHTI-Nr.-445_Turm_Hof-Steintorschule_sepia-150x200.jpg 150w, https:\/\/esmero.de\/wp-content\/uploads\/2022\/04\/Turm_S-9.2.HOCHTI-Nr.-445_Turm_Hof-Steintorschule_sepia-112x150.jpg 112w, https:\/\/esmero.de\/wp-content\/uploads\/2022\/04\/Turm_S-9.2.HOCHTI-Nr.-445_Turm_Hof-Steintorschule_sepia-299x400.jpg 299w, https:\/\/esmero.de\/wp-content\/uploads\/2022\/04\/Turm_S-9.2.HOCHTI-Nr.-445_Turm_Hof-Steintorschule_sepia-748x1000.jpg 748w, https:\/\/esmero.de\/wp-content\/uploads\/2022\/04\/Turm_S-9.2.HOCHTI-Nr.-445_Turm_Hof-Steintorschule_sepia-600x803.jpg 600w, https:\/\/esmero.de\/wp-content\/uploads\/2022\/04\/Turm_S-9.2.HOCHTI-Nr.-445_Turm_Hof-Steintorschule_sepia-scaled-e1650724819623.jpg 1495w\" sizes=\"auto, (max-width: 224px) 100vw, 224px\" \/><\/div><a class=\"w-gallery-item-link\" aria-label=\"Stadtbad mit Stadtbadturm. Bildrechte: Stadtarchiv Halle.\" href=\"https:\/\/esmero.de\/wp-content\/uploads\/2022\/04\/Turm_S-9.2.HOCHTI-Nr.-445_Turm_Hof-Steintorschule_sepia-scaled-e1650724819623.jpg\" title=\"Stadtbad mit Stadtbadturm. Bildrechte: Stadtarchiv Halle.\"><\/a><\/div><div class=\"w-gallery-item\"><div class=\"w-gallery-item-img\"><img loading=\"lazy\" decoding=\"async\" width=\"228\" height=\"300\" src=\"https:\/\/esmero.de\/wp-content\/uploads\/2022\/04\/Turm_BK-138-BK-28123_-Auftragsarbeiten_Turm_nach1918-228x300.jpg\" class=\"attachment-medium size-medium\" alt=\"Turm des Stadtbades. Bildrechte: Stadtarchiv Halle.\" srcset=\"https:\/\/esmero.de\/wp-content\/uploads\/2022\/04\/Turm_BK-138-BK-28123_-Auftragsarbeiten_Turm_nach1918-228x300.jpg 228w, https:\/\/esmero.de\/wp-content\/uploads\/2022\/04\/Turm_BK-138-BK-28123_-Auftragsarbeiten_Turm_nach1918-777x1024.jpg 777w, https:\/\/esmero.de\/wp-content\/uploads\/2022\/04\/Turm_BK-138-BK-28123_-Auftragsarbeiten_Turm_nach1918-152x200.jpg 152w, https:\/\/esmero.de\/wp-content\/uploads\/2022\/04\/Turm_BK-138-BK-28123_-Auftragsarbeiten_Turm_nach1918-114x150.jpg 114w, https:\/\/esmero.de\/wp-content\/uploads\/2022\/04\/Turm_BK-138-BK-28123_-Auftragsarbeiten_Turm_nach1918-303x400.jpg 303w, https:\/\/esmero.de\/wp-content\/uploads\/2022\/04\/Turm_BK-138-BK-28123_-Auftragsarbeiten_Turm_nach1918-759x1000.jpg 759w, https:\/\/esmero.de\/wp-content\/uploads\/2022\/04\/Turm_BK-138-BK-28123_-Auftragsarbeiten_Turm_nach1918-600x791.jpg 600w, https:\/\/esmero.de\/wp-content\/uploads\/2022\/04\/Turm_BK-138-BK-28123_-Auftragsarbeiten_Turm_nach1918-scaled-e1650724625525.jpg 1517w\" sizes=\"auto, (max-width: 228px) 100vw, 228px\" \/><\/div><a class=\"w-gallery-item-link\" aria-label=\"Turm des Stadtbades. Bildrechte: Stadtarchiv Halle.\" href=\"https:\/\/esmero.de\/wp-content\/uploads\/2022\/04\/Turm_BK-138-BK-28123_-Auftragsarbeiten_Turm_nach1918-scaled-e1650724625525.jpg\" title=\"Turm des Stadtbades. Bildrechte: Stadtarchiv Halle.\"><\/a><\/div><div class=\"w-gallery-item\"><div class=\"w-gallery-item-img\"><img loading=\"lazy\" decoding=\"async\" width=\"265\" height=\"300\" src=\"https:\/\/esmero.de\/wp-content\/uploads\/2022\/04\/Stadtbad-mit-Turm_A-2.5-Nr.-104-b-135-265x300.jpg\" class=\"attachment-medium size-medium\" alt=\"Zeichung des Stadtbades mit Stadtbadturm. Bildrechte: Stadtarchiv Halle.\" srcset=\"https:\/\/esmero.de\/wp-content\/uploads\/2022\/04\/Stadtbad-mit-Turm_A-2.5-Nr.-104-b-135-265x300.jpg 265w, https:\/\/esmero.de\/wp-content\/uploads\/2022\/04\/Stadtbad-mit-Turm_A-2.5-Nr.-104-b-135-904x1024.jpg 904w, https:\/\/esmero.de\/wp-content\/uploads\/2022\/04\/Stadtbad-mit-Turm_A-2.5-Nr.-104-b-135-177x200.jpg 177w, https:\/\/esmero.de\/wp-content\/uploads\/2022\/04\/Stadtbad-mit-Turm_A-2.5-Nr.-104-b-135-132x150.jpg 132w, https:\/\/esmero.de\/wp-content\/uploads\/2022\/04\/Stadtbad-mit-Turm_A-2.5-Nr.-104-b-135-353x400.jpg 353w, https:\/\/esmero.de\/wp-content\/uploads\/2022\/04\/Stadtbad-mit-Turm_A-2.5-Nr.-104-b-135-883x1000.jpg 883w, https:\/\/esmero.de\/wp-content\/uploads\/2022\/04\/Stadtbad-mit-Turm_A-2.5-Nr.-104-b-135-600x680.jpg 600w, https:\/\/esmero.de\/wp-content\/uploads\/2022\/04\/Stadtbad-mit-Turm_A-2.5-Nr.-104-b-135-scaled-e1650724706198.jpg 1766w\" sizes=\"auto, (max-width: 265px) 100vw, 265px\" \/><\/div><a class=\"w-gallery-item-link\" aria-label=\"Zeichung des Stadtbades mit Stadtbadturm. Bildrechte: Stadtarchiv Halle.\" href=\"https:\/\/esmero.de\/wp-content\/uploads\/2022\/04\/Stadtbad-mit-Turm_A-2.5-Nr.-104-b-135-scaled-e1650724706198.jpg\" title=\"Zeichung des Stadtbades mit Stadtbadturm. Bildrechte: Stadtarchiv Halle.\"><\/a><\/div><div class=\"w-gallery-item\"><div class=\"w-gallery-item-img\"><img loading=\"lazy\" decoding=\"async\" width=\"300\" height=\"248\" src=\"https:\/\/esmero.de\/wp-content\/uploads\/2022\/04\/Stadtbadturm-3D_1-300x248.jpg\" class=\"attachment-medium size-medium\" alt=\"Der Copter filmt den Stadtbadturm\" srcset=\"https:\/\/esmero.de\/wp-content\/uploads\/2022\/04\/Stadtbadturm-3D_1-300x248.jpg 300w, https:\/\/esmero.de\/wp-content\/uploads\/2022\/04\/Stadtbadturm-3D_1-242x200.jpg 242w, https:\/\/esmero.de\/wp-content\/uploads\/2022\/04\/Stadtbadturm-3D_1-181x150.jpg 181w, https:\/\/esmero.de\/wp-content\/uploads\/2022\/04\/Stadtbadturm-3D_1-483x400.jpg 483w, https:\/\/esmero.de\/wp-content\/uploads\/2022\/04\/Stadtbadturm-3D_1-600x497.jpg 600w, https:\/\/esmero.de\/wp-content\/uploads\/2022\/04\/Stadtbadturm-3D_1.jpg 934w\" sizes=\"auto, (max-width: 300px) 100vw, 300px\" \/><\/div><a class=\"w-gallery-item-link\" aria-label=\"Der Copter filmt den Stadtbadturm\" href=\"https:\/\/esmero.de\/wp-content\/uploads\/2022\/04\/Stadtbadturm-3D_1.jpg\" title=\"Der Copter filmt den Stadtbadturm\"><\/a><\/div><div class=\"w-gallery-item\"><div class=\"w-gallery-item-img\"><img loading=\"lazy\" decoding=\"async\" width=\"300\" height=\"170\" src=\"https:\/\/esmero.de\/wp-content\/uploads\/2022\/04\/Stadtbadturm-Galerie-1024x581-1-300x170.jpg\" class=\"attachment-medium size-medium\" alt=\"Stadtbadturm Galerie\" srcset=\"https:\/\/esmero.de\/wp-content\/uploads\/2022\/04\/Stadtbadturm-Galerie-1024x581-1-300x170.jpg 300w, https:\/\/esmero.de\/wp-content\/uploads\/2022\/04\/Stadtbadturm-Galerie-1024x581-1-352x200.jpg 352w, https:\/\/esmero.de\/wp-content\/uploads\/2022\/04\/Stadtbadturm-Galerie-1024x581-1-264x150.jpg 264w, https:\/\/esmero.de\/wp-content\/uploads\/2022\/04\/Stadtbadturm-Galerie-1024x581-1-600x340.jpg 600w, https:\/\/esmero.de\/wp-content\/uploads\/2022\/04\/Stadtbadturm-Galerie-1024x581-1.jpg 1024w\" sizes=\"auto, (max-width: 300px) 100vw, 300px\" \/><\/div><a class=\"w-gallery-item-link\" aria-label=\"Stadtbadturm Galerie\" href=\"https:\/\/esmero.de\/wp-content\/uploads\/2022\/04\/Stadtbadturm-Galerie-1024x581-1.jpg\" title=\"Stadtbadturm Galerie\"><\/a><\/div><div class=\"w-gallery-item\"><div class=\"w-gallery-item-img\"><img loading=\"lazy\" decoding=\"async\" width=\"300\" height=\"189\" src=\"https:\/\/esmero.de\/wp-content\/uploads\/2021\/12\/Stadtbadturm-3D-300x189.jpg\" class=\"attachment-medium size-medium\" alt=\"\" srcset=\"https:\/\/esmero.de\/wp-content\/uploads\/2021\/12\/Stadtbadturm-3D-300x189.jpg 300w, https:\/\/esmero.de\/wp-content\/uploads\/2021\/12\/Stadtbadturm-3D-600x377.jpg 600w, https:\/\/esmero.de\/wp-content\/uploads\/2021\/12\/Stadtbadturm-3D-1024x644.jpg 1024w, https:\/\/esmero.de\/wp-content\/uploads\/2021\/12\/Stadtbadturm-3D-450x283.jpg 450w, https:\/\/esmero.de\/wp-content\/uploads\/2021\/12\/Stadtbadturm-3D.jpg 1360w\" sizes=\"auto, (max-width: 300px) 100vw, 300px\" \/><\/div><a class=\"w-gallery-item-link\" aria-label=\"Stadtbadturm 3D\" href=\"https:\/\/esmero.de\/wp-content\/uploads\/2021\/12\/Stadtbadturm-3D.jpg\" title=\"Stadtbadturm 3D\"><\/a><\/div><div class=\"w-gallery-item\"><div class=\"w-gallery-item-img\"><img loading=\"lazy\" decoding=\"async\" width=\"300\" height=\"280\" src=\"https:\/\/esmero.de\/wp-content\/uploads\/2022\/04\/Drahtgittermodell-Stadtbadturm-1024x957-1-300x280.jpg\" class=\"attachment-medium size-medium\" alt=\"Drahtgittermodell-Stadtbadturm\" srcset=\"https:\/\/esmero.de\/wp-content\/uploads\/2022\/04\/Drahtgittermodell-Stadtbadturm-1024x957-1-300x280.jpg 300w, https:\/\/esmero.de\/wp-content\/uploads\/2022\/04\/Drahtgittermodell-Stadtbadturm-1024x957-1-214x200.jpg 214w, https:\/\/esmero.de\/wp-content\/uploads\/2022\/04\/Drahtgittermodell-Stadtbadturm-1024x957-1-161x150.jpg 161w, https:\/\/esmero.de\/wp-content\/uploads\/2022\/04\/Drahtgittermodell-Stadtbadturm-1024x957-1-428x400.jpg 428w, https:\/\/esmero.de\/wp-content\/uploads\/2022\/04\/Drahtgittermodell-Stadtbadturm-1024x957-1-600x561.jpg 600w, https:\/\/esmero.de\/wp-content\/uploads\/2022\/04\/Drahtgittermodell-Stadtbadturm-1024x957-1.jpg 1024w\" sizes=\"auto, (max-width: 300px) 100vw, 300px\" \/><\/div><a class=\"w-gallery-item-link\" aria-label=\"Drahtgittermodell-Stadtbadturm\" href=\"https:\/\/esmero.de\/wp-content\/uploads\/2022\/04\/Drahtgittermodell-Stadtbadturm-1024x957-1.jpg\" title=\"Drahtgittermodell-Stadtbadturm\"><\/a><\/div><div class=\"w-gallery-item\"><div class=\"w-gallery-item-img\"><img loading=\"lazy\" decoding=\"async\" width=\"300\" height=\"256\" src=\"https:\/\/esmero.de\/wp-content\/uploads\/2022\/04\/Bildschirmfoto-2022-04-23-um-17.33.50-300x256.png\" class=\"attachment-medium size-medium\" alt=\"3D-Modell des Stadtbadturms\" srcset=\"https:\/\/esmero.de\/wp-content\/uploads\/2022\/04\/Bildschirmfoto-2022-04-23-um-17.33.50-300x256.png 300w, https:\/\/esmero.de\/wp-content\/uploads\/2022\/04\/Bildschirmfoto-2022-04-23-um-17.33.50-1024x873.png 1024w, https:\/\/esmero.de\/wp-content\/uploads\/2022\/04\/Bildschirmfoto-2022-04-23-um-17.33.50-235x200.png 235w, https:\/\/esmero.de\/wp-content\/uploads\/2022\/04\/Bildschirmfoto-2022-04-23-um-17.33.50-176x150.png 176w, https:\/\/esmero.de\/wp-content\/uploads\/2022\/04\/Bildschirmfoto-2022-04-23-um-17.33.50-469x400.png 469w, https:\/\/esmero.de\/wp-content\/uploads\/2022\/04\/Bildschirmfoto-2022-04-23-um-17.33.50-1173x1000.png 1173w, https:\/\/esmero.de\/wp-content\/uploads\/2022\/04\/Bildschirmfoto-2022-04-23-um-17.33.50-600x511.png 600w, https:\/\/esmero.de\/wp-content\/uploads\/2022\/04\/Bildschirmfoto-2022-04-23-um-17.33.50.png 2004w\" sizes=\"auto, (max-width: 300px) 100vw, 300px\" \/><\/div><a class=\"w-gallery-item-link\" aria-label=\"3D-Modell des Stadtbadturms\" href=\"https:\/\/esmero.de\/wp-content\/uploads\/2022\/04\/Bildschirmfoto-2022-04-23-um-17.33.50.png\" title=\"3D-Modell des Stadtbadturms\"><\/a><\/div><div class=\"w-gallery-item\"><div class=\"w-gallery-item-img\"><img loading=\"lazy\" decoding=\"async\" width=\"300\" height=\"137\" src=\"https:\/\/esmero.de\/wp-content\/uploads\/2022\/04\/IMG_4761smaler-300x137.jpg\" class=\"attachment-medium size-medium\" alt=\"Auswahl der Farbe f\u00fcr den Kerzenwachs\" srcset=\"https:\/\/esmero.de\/wp-content\/uploads\/2022\/04\/IMG_4761smaler-300x137.jpg 300w, https:\/\/esmero.de\/wp-content\/uploads\/2022\/04\/IMG_4761smaler-1024x467.jpg 1024w, https:\/\/esmero.de\/wp-content\/uploads\/2022\/04\/IMG_4761smaler-439x200.jpg 439w, https:\/\/esmero.de\/wp-content\/uploads\/2022\/04\/IMG_4761smaler-329x150.jpg 329w, https:\/\/esmero.de\/wp-content\/uploads\/2022\/04\/IMG_4761smaler-600x273.jpg 600w, https:\/\/esmero.de\/wp-content\/uploads\/2022\/04\/IMG_4761smaler-scaled-e1650722469311.jpg 2000w\" sizes=\"auto, (max-width: 300px) 100vw, 300px\" \/><\/div><a class=\"w-gallery-item-link\" aria-label=\"Auswahl der Farbe f\u00fcr den Kerzenwachs\" href=\"https:\/\/esmero.de\/wp-content\/uploads\/2022\/04\/IMG_4761smaler-scaled-e1650722469311.jpg\" title=\"Auswahl der Farbe f\u00fcr den Kerzenwachs\"><\/a><\/div><div class=\"w-gallery-item\"><div class=\"w-gallery-item-img\"><img loading=\"lazy\" decoding=\"async\" width=\"225\" height=\"300\" src=\"https:\/\/esmero.de\/wp-content\/uploads\/2022\/04\/IMG_4765-225x300.jpg\" class=\"attachment-medium size-medium\" alt=\"Auswahl des Kerzenwachs mit dem 3D-Modell f\u00fcr die Kerze\" srcset=\"https:\/\/esmero.de\/wp-content\/uploads\/2022\/04\/IMG_4765-225x300.jpg 225w, https:\/\/esmero.de\/wp-content\/uploads\/2022\/04\/IMG_4765-768x1024.jpg 768w, https:\/\/esmero.de\/wp-content\/uploads\/2022\/04\/IMG_4765-150x200.jpg 150w, https:\/\/esmero.de\/wp-content\/uploads\/2022\/04\/IMG_4765-113x150.jpg 113w, https:\/\/esmero.de\/wp-content\/uploads\/2022\/04\/IMG_4765-300x400.jpg 300w, https:\/\/esmero.de\/wp-content\/uploads\/2022\/04\/IMG_4765-750x1000.jpg 750w, https:\/\/esmero.de\/wp-content\/uploads\/2022\/04\/IMG_4765-600x800.jpg 600w, https:\/\/esmero.de\/wp-content\/uploads\/2022\/04\/IMG_4765-scaled-e1650722571491.jpg 1500w\" sizes=\"auto, (max-width: 225px) 100vw, 225px\" \/><\/div><a class=\"w-gallery-item-link\" aria-label=\"Auswahl des Kerzenwachs mit dem 3D-Modell f\u00fcr die Kerze\" href=\"https:\/\/esmero.de\/wp-content\/uploads\/2022\/04\/IMG_4765-scaled-e1650722571491.jpg\" title=\"Auswahl des Kerzenwachs mit dem 3D-Modell f\u00fcr die Kerze\"><\/a><\/div><div class=\"w-gallery-item\"><div class=\"w-gallery-item-img\"><img loading=\"lazy\" decoding=\"async\" width=\"225\" height=\"300\" src=\"https:\/\/esmero.de\/wp-content\/uploads\/2022\/04\/IMG_4768-225x300.jpg\" class=\"attachment-medium size-medium\" alt=\"Kai Schmidt bespricht mit Mario Sczepek die Dochtst\u00e4rke\" srcset=\"https:\/\/esmero.de\/wp-content\/uploads\/2022\/04\/IMG_4768-225x300.jpg 225w, https:\/\/esmero.de\/wp-content\/uploads\/2022\/04\/IMG_4768-768x1024.jpg 768w, https:\/\/esmero.de\/wp-content\/uploads\/2022\/04\/IMG_4768-150x200.jpg 150w, https:\/\/esmero.de\/wp-content\/uploads\/2022\/04\/IMG_4768-113x150.jpg 113w, https:\/\/esmero.de\/wp-content\/uploads\/2022\/04\/IMG_4768-300x400.jpg 300w, https:\/\/esmero.de\/wp-content\/uploads\/2022\/04\/IMG_4768-750x1000.jpg 750w, https:\/\/esmero.de\/wp-content\/uploads\/2022\/04\/IMG_4768-600x800.jpg 600w, https:\/\/esmero.de\/wp-content\/uploads\/2022\/04\/IMG_4768-scaled-e1650722291268.jpg 1500w\" sizes=\"auto, (max-width: 225px) 100vw, 225px\" \/><\/div><a class=\"w-gallery-item-link\" aria-label=\"Kai Schmidt bespricht mit Mario Sczepek die Dochtst\u00e4rke\" href=\"https:\/\/esmero.de\/wp-content\/uploads\/2022\/04\/IMG_4768-scaled-e1650722291268.jpg\" title=\"Kai Schmidt bespricht mit Mario Sczepek die Dochtst\u00e4rke\"><\/a><\/div><div class=\"w-gallery-item\"><div class=\"w-gallery-item-img\"><img loading=\"lazy\" decoding=\"async\" width=\"300\" height=\"225\" src=\"https:\/\/esmero.de\/wp-content\/uploads\/2022\/04\/IMG_4766-300x225.jpg\" class=\"attachment-medium size-medium\" alt=\"Auswahl der Wachsart f\u00fcr die Kerzen in der Halleschen Behindertenwerkstat\" srcset=\"https:\/\/esmero.de\/wp-content\/uploads\/2022\/04\/IMG_4766-300x225.jpg 300w, https:\/\/esmero.de\/wp-content\/uploads\/2022\/04\/IMG_4766-1024x768.jpg 1024w, https:\/\/esmero.de\/wp-content\/uploads\/2022\/04\/IMG_4766-267x200.jpg 267w, https:\/\/esmero.de\/wp-content\/uploads\/2022\/04\/IMG_4766-200x150.jpg 200w, https:\/\/esmero.de\/wp-content\/uploads\/2022\/04\/IMG_4766-533x400.jpg 533w, https:\/\/esmero.de\/wp-content\/uploads\/2022\/04\/IMG_4766-1333x1000.jpg 1333w, https:\/\/esmero.de\/wp-content\/uploads\/2022\/04\/IMG_4766-600x450.jpg 600w, https:\/\/esmero.de\/wp-content\/uploads\/2022\/04\/IMG_4766-scaled-e1650722272850.jpg 2000w\" sizes=\"auto, (max-width: 300px) 100vw, 300px\" \/><\/div><a class=\"w-gallery-item-link\" aria-label=\"Auswahl der Wachsart f\u00fcr die Kerzen in der Halleschen Behindertenwerkstat\" href=\"https:\/\/esmero.de\/wp-content\/uploads\/2022\/04\/IMG_4766-scaled-e1650722272850.jpg\" title=\"Auswahl der Wachsart f\u00fcr die Kerzen in der Halleschen Behindertenwerkstat\"><\/a><\/div><div class=\"w-gallery-item\"><div class=\"w-gallery-item-img\"><img loading=\"lazy\" decoding=\"async\" width=\"225\" height=\"300\" src=\"https:\/\/esmero.de\/wp-content\/uploads\/2022\/04\/IMG_5828-225x300.jpg\" class=\"attachment-medium size-medium\" alt=\"Vorstellung der ersten Testvarianten der Wachskerzen in der Behindertenwerkstatt\" srcset=\"https:\/\/esmero.de\/wp-content\/uploads\/2022\/04\/IMG_5828-225x300.jpg 225w, https:\/\/esmero.de\/wp-content\/uploads\/2022\/04\/IMG_5828-768x1024.jpg 768w, https:\/\/esmero.de\/wp-content\/uploads\/2022\/04\/IMG_5828-150x200.jpg 150w, https:\/\/esmero.de\/wp-content\/uploads\/2022\/04\/IMG_5828-113x150.jpg 113w, https:\/\/esmero.de\/wp-content\/uploads\/2022\/04\/IMG_5828-300x400.jpg 300w, https:\/\/esmero.de\/wp-content\/uploads\/2022\/04\/IMG_5828-750x1000.jpg 750w, https:\/\/esmero.de\/wp-content\/uploads\/2022\/04\/IMG_5828-600x800.jpg 600w, https:\/\/esmero.de\/wp-content\/uploads\/2022\/04\/IMG_5828-scaled-e1650722357761.jpg 1500w\" sizes=\"auto, (max-width: 225px) 100vw, 225px\" \/><\/div><a class=\"w-gallery-item-link\" aria-label=\"Vorstellung der ersten Testvarianten der Wachskerzen in der Behindertenwerkstatt\" href=\"https:\/\/esmero.de\/wp-content\/uploads\/2022\/04\/IMG_5828-scaled-e1650722357761.jpg\" title=\"Vorstellung der ersten Testvarianten der Wachskerzen in der Behindertenwerkstatt\"><\/a><\/div><div class=\"w-gallery-item\"><div class=\"w-gallery-item-img\"><img loading=\"lazy\" decoding=\"async\" width=\"225\" height=\"300\" src=\"https:\/\/esmero.de\/wp-content\/uploads\/2022\/04\/WhatsApp-Image-2021-04-25-at-18.45.13-225x300.jpeg\" class=\"attachment-medium size-medium\" alt=\"Herstellung der Negativform mithilfe des gedruckten 3D-Modells\" srcset=\"https:\/\/esmero.de\/wp-content\/uploads\/2022\/04\/WhatsApp-Image-2021-04-25-at-18.45.13-225x300.jpeg 225w, https:\/\/esmero.de\/wp-content\/uploads\/2022\/04\/WhatsApp-Image-2021-04-25-at-18.45.13-768x1024.jpeg 768w, https:\/\/esmero.de\/wp-content\/uploads\/2022\/04\/WhatsApp-Image-2021-04-25-at-18.45.13-150x200.jpeg 150w, https:\/\/esmero.de\/wp-content\/uploads\/2022\/04\/WhatsApp-Image-2021-04-25-at-18.45.13-113x150.jpeg 113w, https:\/\/esmero.de\/wp-content\/uploads\/2022\/04\/WhatsApp-Image-2021-04-25-at-18.45.13-300x400.jpeg 300w, https:\/\/esmero.de\/wp-content\/uploads\/2022\/04\/WhatsApp-Image-2021-04-25-at-18.45.13-750x1000.jpeg 750w, https:\/\/esmero.de\/wp-content\/uploads\/2022\/04\/WhatsApp-Image-2021-04-25-at-18.45.13-600x800.jpeg 600w, https:\/\/esmero.de\/wp-content\/uploads\/2022\/04\/WhatsApp-Image-2021-04-25-at-18.45.13.jpeg 1200w\" sizes=\"auto, (max-width: 225px) 100vw, 225px\" \/><\/div><a class=\"w-gallery-item-link\" aria-label=\"Herstellung der Negativform mithilfe des gedruckten 3D-Modells\" href=\"https:\/\/esmero.de\/wp-content\/uploads\/2022\/04\/WhatsApp-Image-2021-04-25-at-18.45.13.jpeg\" title=\"Herstellung der Negativform mithilfe des gedruckten 3D-Modells\"><\/a><\/div><div class=\"w-gallery-item\"><div class=\"w-gallery-item-img\"><img loading=\"lazy\" decoding=\"async\" width=\"225\" height=\"300\" src=\"https:\/\/esmero.de\/wp-content\/uploads\/2022\/04\/WhatsApp-Image-2021-04-25-at-18.45.13-1-225x300.jpeg\" class=\"attachment-medium size-medium\" alt=\"Herstellung der Negativform mit Silikon\" srcset=\"https:\/\/esmero.de\/wp-content\/uploads\/2022\/04\/WhatsApp-Image-2021-04-25-at-18.45.13-1-225x300.jpeg 225w, https:\/\/esmero.de\/wp-content\/uploads\/2022\/04\/WhatsApp-Image-2021-04-25-at-18.45.13-1-768x1024.jpeg 768w, https:\/\/esmero.de\/wp-content\/uploads\/2022\/04\/WhatsApp-Image-2021-04-25-at-18.45.13-1-150x200.jpeg 150w, https:\/\/esmero.de\/wp-content\/uploads\/2022\/04\/WhatsApp-Image-2021-04-25-at-18.45.13-1-113x150.jpeg 113w, https:\/\/esmero.de\/wp-content\/uploads\/2022\/04\/WhatsApp-Image-2021-04-25-at-18.45.13-1-300x400.jpeg 300w, https:\/\/esmero.de\/wp-content\/uploads\/2022\/04\/WhatsApp-Image-2021-04-25-at-18.45.13-1-750x1000.jpeg 750w, https:\/\/esmero.de\/wp-content\/uploads\/2022\/04\/WhatsApp-Image-2021-04-25-at-18.45.13-1-600x800.jpeg 600w, https:\/\/esmero.de\/wp-content\/uploads\/2022\/04\/WhatsApp-Image-2021-04-25-at-18.45.13-1.jpeg 1200w\" sizes=\"auto, (max-width: 225px) 100vw, 225px\" \/><\/div><a class=\"w-gallery-item-link\" aria-label=\"Herstellung der Negativform mit Silikon\" href=\"https:\/\/esmero.de\/wp-content\/uploads\/2022\/04\/WhatsApp-Image-2021-04-25-at-18.45.13-1.jpeg\" title=\"Herstellung der Negativform mit Silikon\"><\/a><\/div><div class=\"w-gallery-item\"><div class=\"w-gallery-item-img\"><img loading=\"lazy\" decoding=\"async\" width=\"300\" height=\"225\" src=\"https:\/\/esmero.de\/wp-content\/uploads\/2022\/04\/WhatsApp-Image-2021-05-02-at-22.45.23-300x225.jpeg\" class=\"attachment-medium size-medium\" alt=\"Herstellung der Negativform mit Silikon\" srcset=\"https:\/\/esmero.de\/wp-content\/uploads\/2022\/04\/WhatsApp-Image-2021-05-02-at-22.45.23-300x225.jpeg 300w, https:\/\/esmero.de\/wp-content\/uploads\/2022\/04\/WhatsApp-Image-2021-05-02-at-22.45.23-1024x768.jpeg 1024w, https:\/\/esmero.de\/wp-content\/uploads\/2022\/04\/WhatsApp-Image-2021-05-02-at-22.45.23-267x200.jpeg 267w, https:\/\/esmero.de\/wp-content\/uploads\/2022\/04\/WhatsApp-Image-2021-05-02-at-22.45.23-200x150.jpeg 200w, https:\/\/esmero.de\/wp-content\/uploads\/2022\/04\/WhatsApp-Image-2021-05-02-at-22.45.23-533x400.jpeg 533w, https:\/\/esmero.de\/wp-content\/uploads\/2022\/04\/WhatsApp-Image-2021-05-02-at-22.45.23-1333x1000.jpeg 1333w, https:\/\/esmero.de\/wp-content\/uploads\/2022\/04\/WhatsApp-Image-2021-05-02-at-22.45.23-600x450.jpeg 600w, https:\/\/esmero.de\/wp-content\/uploads\/2022\/04\/WhatsApp-Image-2021-05-02-at-22.45.23.jpeg 1600w\" sizes=\"auto, (max-width: 300px) 100vw, 300px\" \/><\/div><a class=\"w-gallery-item-link\" aria-label=\"Herstellung der Negativform mit Silikon\" href=\"https:\/\/esmero.de\/wp-content\/uploads\/2022\/04\/WhatsApp-Image-2021-05-02-at-22.45.23.jpeg\" title=\"Herstellung der Negativform mit Silikon\"><\/a><\/div><div class=\"w-gallery-item\"><div class=\"w-gallery-item-img\"><img loading=\"lazy\" decoding=\"async\" width=\"275\" height=\"300\" src=\"https:\/\/esmero.de\/wp-content\/uploads\/2022\/04\/WhatsApp-Image-2021-05-02-at-22.45.24-275x300.jpeg\" class=\"attachment-medium size-medium\" alt=\"Herstellung der Negativform mit Silikon\" srcset=\"https:\/\/esmero.de\/wp-content\/uploads\/2022\/04\/WhatsApp-Image-2021-05-02-at-22.45.24-275x300.jpeg 275w, https:\/\/esmero.de\/wp-content\/uploads\/2022\/04\/WhatsApp-Image-2021-05-02-at-22.45.24-940x1024.jpeg 940w, https:\/\/esmero.de\/wp-content\/uploads\/2022\/04\/WhatsApp-Image-2021-05-02-at-22.45.24-184x200.jpeg 184w, https:\/\/esmero.de\/wp-content\/uploads\/2022\/04\/WhatsApp-Image-2021-05-02-at-22.45.24-138x150.jpeg 138w, https:\/\/esmero.de\/wp-content\/uploads\/2022\/04\/WhatsApp-Image-2021-05-02-at-22.45.24-367x400.jpeg 367w, https:\/\/esmero.de\/wp-content\/uploads\/2022\/04\/WhatsApp-Image-2021-05-02-at-22.45.24-918x1000.jpeg 918w, https:\/\/esmero.de\/wp-content\/uploads\/2022\/04\/WhatsApp-Image-2021-05-02-at-22.45.24-600x654.jpeg 600w, https:\/\/esmero.de\/wp-content\/uploads\/2022\/04\/WhatsApp-Image-2021-05-02-at-22.45.24.jpeg 1469w\" sizes=\"auto, (max-width: 275px) 100vw, 275px\" \/><\/div><a class=\"w-gallery-item-link\" aria-label=\"Herstellung der Negativform mit Silikon\" href=\"https:\/\/esmero.de\/wp-content\/uploads\/2022\/04\/WhatsApp-Image-2021-05-02-at-22.45.24.jpeg\" title=\"Herstellung der Negativform mit Silikon\"><\/a><\/div><div class=\"w-gallery-item\"><div class=\"w-gallery-item-img\"><img loading=\"lazy\" decoding=\"async\" width=\"225\" height=\"300\" src=\"https:\/\/esmero.de\/wp-content\/uploads\/2022\/04\/WhatsApp-Image-2021-05-03-at-21.49.28-225x300.jpeg\" class=\"attachment-medium size-medium\" alt=\"Herstellung der Negativform mit Silikon\" srcset=\"https:\/\/esmero.de\/wp-content\/uploads\/2022\/04\/WhatsApp-Image-2021-05-03-at-21.49.28-225x300.jpeg 225w, https:\/\/esmero.de\/wp-content\/uploads\/2022\/04\/WhatsApp-Image-2021-05-03-at-21.49.28-768x1024.jpeg 768w, https:\/\/esmero.de\/wp-content\/uploads\/2022\/04\/WhatsApp-Image-2021-05-03-at-21.49.28-150x200.jpeg 150w, https:\/\/esmero.de\/wp-content\/uploads\/2022\/04\/WhatsApp-Image-2021-05-03-at-21.49.28-113x150.jpeg 113w, https:\/\/esmero.de\/wp-content\/uploads\/2022\/04\/WhatsApp-Image-2021-05-03-at-21.49.28-300x400.jpeg 300w, https:\/\/esmero.de\/wp-content\/uploads\/2022\/04\/WhatsApp-Image-2021-05-03-at-21.49.28-750x1000.jpeg 750w, https:\/\/esmero.de\/wp-content\/uploads\/2022\/04\/WhatsApp-Image-2021-05-03-at-21.49.28-600x800.jpeg 600w, https:\/\/esmero.de\/wp-content\/uploads\/2022\/04\/WhatsApp-Image-2021-05-03-at-21.49.28.jpeg 1200w\" sizes=\"auto, (max-width: 225px) 100vw, 225px\" \/><\/div><a class=\"w-gallery-item-link\" aria-label=\"Herstellung der Negativform mit Silikon\" href=\"https:\/\/esmero.de\/wp-content\/uploads\/2022\/04\/WhatsApp-Image-2021-05-03-at-21.49.28.jpeg\" title=\"Herstellung der Negativform mit Silikon\"><\/a><\/div><div class=\"w-gallery-item\"><div class=\"w-gallery-item-img\"><img loading=\"lazy\" decoding=\"async\" width=\"225\" height=\"300\" src=\"https:\/\/esmero.de\/wp-content\/uploads\/2022\/04\/WhatsApp-Image-2021-05-03-at-21.49.39-225x300.jpeg\" class=\"attachment-medium size-medium\" alt=\"Herstellung der Negativform mit Silikon\" srcset=\"https:\/\/esmero.de\/wp-content\/uploads\/2022\/04\/WhatsApp-Image-2021-05-03-at-21.49.39-225x300.jpeg 225w, https:\/\/esmero.de\/wp-content\/uploads\/2022\/04\/WhatsApp-Image-2021-05-03-at-21.49.39-768x1024.jpeg 768w, https:\/\/esmero.de\/wp-content\/uploads\/2022\/04\/WhatsApp-Image-2021-05-03-at-21.49.39-150x200.jpeg 150w, https:\/\/esmero.de\/wp-content\/uploads\/2022\/04\/WhatsApp-Image-2021-05-03-at-21.49.39-113x150.jpeg 113w, https:\/\/esmero.de\/wp-content\/uploads\/2022\/04\/WhatsApp-Image-2021-05-03-at-21.49.39-300x400.jpeg 300w, https:\/\/esmero.de\/wp-content\/uploads\/2022\/04\/WhatsApp-Image-2021-05-03-at-21.49.39-750x1000.jpeg 750w, https:\/\/esmero.de\/wp-content\/uploads\/2022\/04\/WhatsApp-Image-2021-05-03-at-21.49.39-600x800.jpeg 600w, https:\/\/esmero.de\/wp-content\/uploads\/2022\/04\/WhatsApp-Image-2021-05-03-at-21.49.39.jpeg 1200w\" sizes=\"auto, (max-width: 225px) 100vw, 225px\" \/><\/div><a class=\"w-gallery-item-link\" aria-label=\"Herstellung der Negativform mit Silikon\" href=\"https:\/\/esmero.de\/wp-content\/uploads\/2022\/04\/WhatsApp-Image-2021-05-03-at-21.49.39.jpeg\" title=\"Herstellung der Negativform mit Silikon\"><\/a><\/div><div class=\"w-gallery-item\"><div class=\"w-gallery-item-img\"><img loading=\"lazy\" decoding=\"async\" width=\"169\" height=\"300\" src=\"https:\/\/esmero.de\/wp-content\/uploads\/2022\/04\/IMG_4089-169x300.jpg\" class=\"attachment-medium size-medium\" alt=\"Test von Verpackungsqualit\u00e4ten mit dem 3D-Modell der Kerze\" srcset=\"https:\/\/esmero.de\/wp-content\/uploads\/2022\/04\/IMG_4089-169x300.jpg 169w, https:\/\/esmero.de\/wp-content\/uploads\/2022\/04\/IMG_4089-576x1024.jpg 576w, https:\/\/esmero.de\/wp-content\/uploads\/2022\/04\/IMG_4089-113x200.jpg 113w, https:\/\/esmero.de\/wp-content\/uploads\/2022\/04\/IMG_4089-84x150.jpg 84w, https:\/\/esmero.de\/wp-content\/uploads\/2022\/04\/IMG_4089-225x400.jpg 225w, https:\/\/esmero.de\/wp-content\/uploads\/2022\/04\/IMG_4089-563x1000.jpg 563w, https:\/\/esmero.de\/wp-content\/uploads\/2022\/04\/IMG_4089-600x1066.jpg 600w, https:\/\/esmero.de\/wp-content\/uploads\/2022\/04\/IMG_4089.jpg 686w\" sizes=\"auto, (max-width: 169px) 100vw, 169px\" \/><\/div><a class=\"w-gallery-item-link\" aria-label=\"Test von Verpackungsqualit\u00e4ten mit dem 3D-Modell der Kerze\" href=\"https:\/\/esmero.de\/wp-content\/uploads\/2022\/04\/IMG_4089.jpg\" title=\"Test von Verpackungsqualit\u00e4ten mit dem 3D-Modell der Kerze\"><\/a><\/div><div class=\"w-gallery-item\"><div class=\"w-gallery-item-img\"><img loading=\"lazy\" decoding=\"async\" width=\"225\" height=\"300\" src=\"https:\/\/esmero.de\/wp-content\/uploads\/2022\/04\/IMG_5827-225x300.jpg\" class=\"attachment-medium size-medium\" alt=\"Produktion der limitierten Kerzen aus Bienenwachs\" srcset=\"https:\/\/esmero.de\/wp-content\/uploads\/2022\/04\/IMG_5827-225x300.jpg 225w, https:\/\/esmero.de\/wp-content\/uploads\/2022\/04\/IMG_5827-768x1024.jpg 768w, https:\/\/esmero.de\/wp-content\/uploads\/2022\/04\/IMG_5827-150x200.jpg 150w, https:\/\/esmero.de\/wp-content\/uploads\/2022\/04\/IMG_5827-113x150.jpg 113w, https:\/\/esmero.de\/wp-content\/uploads\/2022\/04\/IMG_5827-300x400.jpg 300w, https:\/\/esmero.de\/wp-content\/uploads\/2022\/04\/IMG_5827-750x1000.jpg 750w, https:\/\/esmero.de\/wp-content\/uploads\/2022\/04\/IMG_5827-600x800.jpg 600w, https:\/\/esmero.de\/wp-content\/uploads\/2022\/04\/IMG_5827-scaled-e1650722756863.jpg 1500w\" sizes=\"auto, (max-width: 225px) 100vw, 225px\" \/><\/div><a class=\"w-gallery-item-link\" aria-label=\"Produktion der limitierten Kerzen aus Bienenwachs\" href=\"https:\/\/esmero.de\/wp-content\/uploads\/2022\/04\/IMG_5827-scaled-e1650722756863.jpg\" title=\"Produktion der limitierten Kerzen aus Bienenwachs\"><\/a><\/div><div class=\"w-gallery-item\"><div class=\"w-gallery-item-img\"><img loading=\"lazy\" decoding=\"async\" width=\"300\" height=\"175\" src=\"https:\/\/esmero.de\/wp-content\/uploads\/2022\/04\/Bildschirmfoto-2022-04-23-um-17.28.04-Kopie-300x175.png\" class=\"attachment-medium size-medium\" alt=\"Gestaltung der Verpackung\" srcset=\"https:\/\/esmero.de\/wp-content\/uploads\/2022\/04\/Bildschirmfoto-2022-04-23-um-17.28.04-Kopie-300x175.png 300w, https:\/\/esmero.de\/wp-content\/uploads\/2022\/04\/Bildschirmfoto-2022-04-23-um-17.28.04-Kopie-1024x596.png 1024w, https:\/\/esmero.de\/wp-content\/uploads\/2022\/04\/Bildschirmfoto-2022-04-23-um-17.28.04-Kopie-343x200.png 343w, https:\/\/esmero.de\/wp-content\/uploads\/2022\/04\/Bildschirmfoto-2022-04-23-um-17.28.04-Kopie-258x150.png 258w, https:\/\/esmero.de\/wp-content\/uploads\/2022\/04\/Bildschirmfoto-2022-04-23-um-17.28.04-Kopie-600x349.png 600w, https:\/\/esmero.de\/wp-content\/uploads\/2022\/04\/Bildschirmfoto-2022-04-23-um-17.28.04-Kopie-1717x1000.png 1717w\" sizes=\"auto, (max-width: 300px) 100vw, 300px\" \/><\/div><a class=\"w-gallery-item-link\" aria-label=\"Gestaltung der Verpackung\" href=\"https:\/\/esmero.de\/wp-content\/uploads\/2022\/04\/Bildschirmfoto-2022-04-23-um-17.28.04-Kopie.png\" title=\"Gestaltung der Verpackung\"><\/a><\/div><div class=\"w-gallery-item\"><div class=\"w-gallery-item-img\"><img loading=\"lazy\" decoding=\"async\" width=\"276\" height=\"300\" src=\"https:\/\/esmero.de\/wp-content\/uploads\/2022\/04\/A0003712_S01_foerdervZukftstbdhal_kerze_verp_EN_frei-276x300.jpg\" class=\"attachment-medium size-medium\" alt=\"Vorlage f\u00fcr die Stanzung und den Druck der Verpackung\" srcset=\"https:\/\/esmero.de\/wp-content\/uploads\/2022\/04\/A0003712_S01_foerdervZukftstbdhal_kerze_verp_EN_frei-276x300.jpg 276w, https:\/\/esmero.de\/wp-content\/uploads\/2022\/04\/A0003712_S01_foerdervZukftstbdhal_kerze_verp_EN_frei-942x1024.jpg 942w, https:\/\/esmero.de\/wp-content\/uploads\/2022\/04\/A0003712_S01_foerdervZukftstbdhal_kerze_verp_EN_frei-184x200.jpg 184w, https:\/\/esmero.de\/wp-content\/uploads\/2022\/04\/A0003712_S01_foerdervZukftstbdhal_kerze_verp_EN_frei-138x150.jpg 138w, https:\/\/esmero.de\/wp-content\/uploads\/2022\/04\/A0003712_S01_foerdervZukftstbdhal_kerze_verp_EN_frei-368x400.jpg 368w, https:\/\/esmero.de\/wp-content\/uploads\/2022\/04\/A0003712_S01_foerdervZukftstbdhal_kerze_verp_EN_frei-920x1000.jpg 920w, https:\/\/esmero.de\/wp-content\/uploads\/2022\/04\/A0003712_S01_foerdervZukftstbdhal_kerze_verp_EN_frei-600x652.jpg 600w, https:\/\/esmero.de\/wp-content\/uploads\/2022\/04\/A0003712_S01_foerdervZukftstbdhal_kerze_verp_EN_frei-e1650724459856.jpg 1840w\" sizes=\"auto, (max-width: 276px) 100vw, 276px\" \/><\/div><a class=\"w-gallery-item-link\" aria-label=\"Vorlage f\u00fcr die Stanzung und den Druck der Verpackung\" href=\"https:\/\/esmero.de\/wp-content\/uploads\/2022\/04\/A0003712_S01_foerdervZukftstbdhal_kerze_verp_EN_frei-e1650724459856.jpg\" title=\"Vorlage f\u00fcr die Stanzung und den Druck der Verpackung\"><\/a><\/div><div class=\"w-gallery-item\"><div class=\"w-gallery-item-img\"><img loading=\"lazy\" decoding=\"async\" width=\"256\" height=\"300\" src=\"https:\/\/esmero.de\/wp-content\/uploads\/2022\/04\/stbd_kerze_verp_label_RZ-256x300.jpg\" class=\"attachment-medium size-medium\" alt=\"Fertigstellung der Gestalungsvorlage der Verpackung\" srcset=\"https:\/\/esmero.de\/wp-content\/uploads\/2022\/04\/stbd_kerze_verp_label_RZ-256x300.jpg 256w, https:\/\/esmero.de\/wp-content\/uploads\/2022\/04\/stbd_kerze_verp_label_RZ-873x1024.jpg 873w, https:\/\/esmero.de\/wp-content\/uploads\/2022\/04\/stbd_kerze_verp_label_RZ-170x200.jpg 170w, https:\/\/esmero.de\/wp-content\/uploads\/2022\/04\/stbd_kerze_verp_label_RZ-128x150.jpg 128w, https:\/\/esmero.de\/wp-content\/uploads\/2022\/04\/stbd_kerze_verp_label_RZ-341x400.jpg 341w, https:\/\/esmero.de\/wp-content\/uploads\/2022\/04\/stbd_kerze_verp_label_RZ-852x1000.jpg 852w, https:\/\/esmero.de\/wp-content\/uploads\/2022\/04\/stbd_kerze_verp_label_RZ-600x704.jpg 600w, https:\/\/esmero.de\/wp-content\/uploads\/2022\/04\/stbd_kerze_verp_label_RZ-scaled-e1650724383823.jpg 1705w\" sizes=\"auto, (max-width: 256px) 100vw, 256px\" \/><\/div><a class=\"w-gallery-item-link\" aria-label=\"Fertigstellung der Gestalungsvorlage der Verpackung\" href=\"https:\/\/esmero.de\/wp-content\/uploads\/2022\/04\/stbd_kerze_verp_label_RZ-scaled-e1650724383823.jpg\" title=\"Fertigstellung der Gestalungsvorlage der Verpackung\"><\/a><\/div><div class=\"w-gallery-item\"><div class=\"w-gallery-item-img\"><img loading=\"lazy\" decoding=\"async\" width=\"300\" height=\"265\" src=\"https:\/\/esmero.de\/wp-content\/uploads\/2022\/04\/1_Stanzung_PHOTO-2021-07-27-16-57-37-2-e1650723862495-300x265.jpg\" class=\"attachment-medium size-medium\" alt=\"Stanzform f\u00fcr die Verpackung\" srcset=\"https:\/\/esmero.de\/wp-content\/uploads\/2022\/04\/1_Stanzung_PHOTO-2021-07-27-16-57-37-2-e1650723862495-300x265.jpg 300w, https:\/\/esmero.de\/wp-content\/uploads\/2022\/04\/1_Stanzung_PHOTO-2021-07-27-16-57-37-2-e1650723862495-1024x906.jpg 1024w, https:\/\/esmero.de\/wp-content\/uploads\/2022\/04\/1_Stanzung_PHOTO-2021-07-27-16-57-37-2-e1650723862495-226x200.jpg 226w, https:\/\/esmero.de\/wp-content\/uploads\/2022\/04\/1_Stanzung_PHOTO-2021-07-27-16-57-37-2-e1650723862495-169x150.jpg 169w, https:\/\/esmero.de\/wp-content\/uploads\/2022\/04\/1_Stanzung_PHOTO-2021-07-27-16-57-37-2-e1650723862495-452x400.jpg 452w, https:\/\/esmero.de\/wp-content\/uploads\/2022\/04\/1_Stanzung_PHOTO-2021-07-27-16-57-37-2-e1650723862495-1130x1000.jpg 1130w, https:\/\/esmero.de\/wp-content\/uploads\/2022\/04\/1_Stanzung_PHOTO-2021-07-27-16-57-37-2-e1650723862495-600x531.jpg 600w, https:\/\/esmero.de\/wp-content\/uploads\/2022\/04\/1_Stanzung_PHOTO-2021-07-27-16-57-37-2-e1650723862495.jpg 1226w\" sizes=\"auto, (max-width: 300px) 100vw, 300px\" \/><\/div><a class=\"w-gallery-item-link\" aria-label=\"Stanzform f\u00fcr die Verpackung\" href=\"https:\/\/esmero.de\/wp-content\/uploads\/2022\/04\/1_Stanzung_PHOTO-2021-07-27-16-57-37-2-e1650723862495.jpg\" title=\"Stanzform f\u00fcr die Verpackung\"><\/a><\/div><div class=\"w-gallery-item\"><div class=\"w-gallery-item-img\"><img loading=\"lazy\" decoding=\"async\" width=\"242\" height=\"300\" src=\"https:\/\/esmero.de\/wp-content\/uploads\/2022\/04\/2_Fensterklebung_PHOTO-2021-07-28-10-09-46-e1650723958356-242x300.jpg\" class=\"attachment-medium size-medium\" alt=\"Herstellung der Verpackung. Einkleben der Fenster.\" srcset=\"https:\/\/esmero.de\/wp-content\/uploads\/2022\/04\/2_Fensterklebung_PHOTO-2021-07-28-10-09-46-e1650723958356-242x300.jpg 242w, https:\/\/esmero.de\/wp-content\/uploads\/2022\/04\/2_Fensterklebung_PHOTO-2021-07-28-10-09-46-e1650723958356-825x1024.jpg 825w, https:\/\/esmero.de\/wp-content\/uploads\/2022\/04\/2_Fensterklebung_PHOTO-2021-07-28-10-09-46-e1650723958356-161x200.jpg 161w, https:\/\/esmero.de\/wp-content\/uploads\/2022\/04\/2_Fensterklebung_PHOTO-2021-07-28-10-09-46-e1650723958356-121x150.jpg 121w, https:\/\/esmero.de\/wp-content\/uploads\/2022\/04\/2_Fensterklebung_PHOTO-2021-07-28-10-09-46-e1650723958356-322x400.jpg 322w, https:\/\/esmero.de\/wp-content\/uploads\/2022\/04\/2_Fensterklebung_PHOTO-2021-07-28-10-09-46-e1650723958356-806x1000.jpg 806w, https:\/\/esmero.de\/wp-content\/uploads\/2022\/04\/2_Fensterklebung_PHOTO-2021-07-28-10-09-46-e1650723958356-600x744.jpg 600w, https:\/\/esmero.de\/wp-content\/uploads\/2022\/04\/2_Fensterklebung_PHOTO-2021-07-28-10-09-46-e1650723958356.jpg 980w\" sizes=\"auto, (max-width: 242px) 100vw, 242px\" \/><\/div><a class=\"w-gallery-item-link\" aria-label=\"Herstellung der Verpackung. Einkleben der Fenster.\" href=\"https:\/\/esmero.de\/wp-content\/uploads\/2022\/04\/2_Fensterklebung_PHOTO-2021-07-28-10-09-46-e1650723958356.jpg\" title=\"Herstellung der Verpackung. Einkleben der Fenster.\"><\/a><\/div><div class=\"w-gallery-item\"><div class=\"w-gallery-item-img\"><img loading=\"lazy\" decoding=\"async\" width=\"300\" height=\"262\" src=\"https:\/\/esmero.de\/wp-content\/uploads\/2022\/04\/2_Fensterklebung_PHOTO-2021-07-28-10-13-59-e1650724021578-300x262.jpg\" class=\"attachment-medium size-medium\" alt=\"Herstellung der Verpackung\" srcset=\"https:\/\/esmero.de\/wp-content\/uploads\/2022\/04\/2_Fensterklebung_PHOTO-2021-07-28-10-13-59-e1650724021578-300x262.jpg 300w, https:\/\/esmero.de\/wp-content\/uploads\/2022\/04\/2_Fensterklebung_PHOTO-2021-07-28-10-13-59-e1650724021578-1024x894.jpg 1024w, https:\/\/esmero.de\/wp-content\/uploads\/2022\/04\/2_Fensterklebung_PHOTO-2021-07-28-10-13-59-e1650724021578-229x200.jpg 229w, https:\/\/esmero.de\/wp-content\/uploads\/2022\/04\/2_Fensterklebung_PHOTO-2021-07-28-10-13-59-e1650724021578-172x150.jpg 172w, https:\/\/esmero.de\/wp-content\/uploads\/2022\/04\/2_Fensterklebung_PHOTO-2021-07-28-10-13-59-e1650724021578-458x400.jpg 458w, https:\/\/esmero.de\/wp-content\/uploads\/2022\/04\/2_Fensterklebung_PHOTO-2021-07-28-10-13-59-e1650724021578-1145x1000.jpg 1145w, https:\/\/esmero.de\/wp-content\/uploads\/2022\/04\/2_Fensterklebung_PHOTO-2021-07-28-10-13-59-e1650724021578-600x524.jpg 600w, https:\/\/esmero.de\/wp-content\/uploads\/2022\/04\/2_Fensterklebung_PHOTO-2021-07-28-10-13-59-e1650724021578.jpg 1200w\" sizes=\"auto, (max-width: 300px) 100vw, 300px\" \/><\/div><a class=\"w-gallery-item-link\" aria-label=\"Herstellung der Verpackung\" href=\"https:\/\/esmero.de\/wp-content\/uploads\/2022\/04\/2_Fensterklebung_PHOTO-2021-07-28-10-13-59-e1650724021578.jpg\" title=\"Herstellung der Verpackung\"><\/a><\/div><div class=\"w-gallery-item\"><div class=\"w-gallery-item-img\"><img loading=\"lazy\" decoding=\"async\" width=\"260\" height=\"300\" src=\"https:\/\/esmero.de\/wp-content\/uploads\/2022\/04\/IMG_4741Lieferung-Verpackung-scaled-e1650724097237-260x300.jpg\" class=\"attachment-medium size-medium\" alt=\"Lieferung der Verpackung f\u00fcr die Kerzen\" srcset=\"https:\/\/esmero.de\/wp-content\/uploads\/2022\/04\/IMG_4741Lieferung-Verpackung-scaled-e1650724097237-260x300.jpg 260w, https:\/\/esmero.de\/wp-content\/uploads\/2022\/04\/IMG_4741Lieferung-Verpackung-scaled-e1650724097237-887x1024.jpg 887w, https:\/\/esmero.de\/wp-content\/uploads\/2022\/04\/IMG_4741Lieferung-Verpackung-scaled-e1650724097237-173x200.jpg 173w, https:\/\/esmero.de\/wp-content\/uploads\/2022\/04\/IMG_4741Lieferung-Verpackung-scaled-e1650724097237-130x150.jpg 130w, https:\/\/esmero.de\/wp-content\/uploads\/2022\/04\/IMG_4741Lieferung-Verpackung-scaled-e1650724097237-346x400.jpg 346w, https:\/\/esmero.de\/wp-content\/uploads\/2022\/04\/IMG_4741Lieferung-Verpackung-scaled-e1650724097237-866x1000.jpg 866w, https:\/\/esmero.de\/wp-content\/uploads\/2022\/04\/IMG_4741Lieferung-Verpackung-scaled-e1650724097237-600x693.jpg 600w, https:\/\/esmero.de\/wp-content\/uploads\/2022\/04\/IMG_4741Lieferung-Verpackung-scaled-e1650724097237.jpg 1478w\" sizes=\"auto, (max-width: 260px) 100vw, 260px\" \/><\/div><a class=\"w-gallery-item-link\" aria-label=\"Lieferung der Verpackung f\u00fcr die Kerzen\" href=\"https:\/\/esmero.de\/wp-content\/uploads\/2022\/04\/IMG_4741Lieferung-Verpackung-scaled-e1650724097237.jpg\" title=\"Lieferung der Verpackung f\u00fcr die Kerzen\"><\/a><\/div><div class=\"w-gallery-item\"><div class=\"w-gallery-item-img\"><img loading=\"lazy\" decoding=\"async\" width=\"201\" height=\"300\" src=\"https:\/\/esmero.de\/wp-content\/uploads\/2022\/04\/Kerzen-in-Verpackung_IMG_5715-Kopie-201x300.jpg\" class=\"attachment-medium size-medium\" alt=\"Fertigstellung der Verpackung\" srcset=\"https:\/\/esmero.de\/wp-content\/uploads\/2022\/04\/Kerzen-in-Verpackung_IMG_5715-Kopie-201x300.jpg 201w, https:\/\/esmero.de\/wp-content\/uploads\/2022\/04\/Kerzen-in-Verpackung_IMG_5715-Kopie-686x1024.jpg 686w, https:\/\/esmero.de\/wp-content\/uploads\/2022\/04\/Kerzen-in-Verpackung_IMG_5715-Kopie-134x200.jpg 134w, https:\/\/esmero.de\/wp-content\/uploads\/2022\/04\/Kerzen-in-Verpackung_IMG_5715-Kopie-101x150.jpg 101w, https:\/\/esmero.de\/wp-content\/uploads\/2022\/04\/Kerzen-in-Verpackung_IMG_5715-Kopie-268x400.jpg 268w, https:\/\/esmero.de\/wp-content\/uploads\/2022\/04\/Kerzen-in-Verpackung_IMG_5715-Kopie-670x1000.jpg 670w, https:\/\/esmero.de\/wp-content\/uploads\/2022\/04\/Kerzen-in-Verpackung_IMG_5715-Kopie-600x895.jpg 600w, https:\/\/esmero.de\/wp-content\/uploads\/2022\/04\/Kerzen-in-Verpackung_IMG_5715-Kopie-scaled-e1650724324836.jpg 1341w\" sizes=\"auto, (max-width: 201px) 100vw, 201px\" \/><\/div><a class=\"w-gallery-item-link\" aria-label=\"Fertigstellung der Verpackung\" href=\"https:\/\/esmero.de\/wp-content\/uploads\/2022\/04\/Kerzen-in-Verpackung_IMG_5715-Kopie-scaled-e1650724324836.jpg\" title=\"Fertigstellung der Verpackung\"><\/a><\/div><div class=\"w-gallery-item\"><div class=\"w-gallery-item-img\"><img loading=\"lazy\" decoding=\"async\" width=\"160\" height=\"300\" src=\"https:\/\/esmero.de\/wp-content\/uploads\/2022\/04\/Kerzen-in-Verpackung_IMG_5716-Kopie-160x300.jpg\" class=\"attachment-medium size-medium\" alt=\"Fertigstellung der Verpackung\" srcset=\"https:\/\/esmero.de\/wp-content\/uploads\/2022\/04\/Kerzen-in-Verpackung_IMG_5716-Kopie-160x300.jpg 160w, https:\/\/esmero.de\/wp-content\/uploads\/2022\/04\/Kerzen-in-Verpackung_IMG_5716-Kopie-548x1024.jpg 548w, https:\/\/esmero.de\/wp-content\/uploads\/2022\/04\/Kerzen-in-Verpackung_IMG_5716-Kopie-107x200.jpg 107w, https:\/\/esmero.de\/wp-content\/uploads\/2022\/04\/Kerzen-in-Verpackung_IMG_5716-Kopie-80x150.jpg 80w, https:\/\/esmero.de\/wp-content\/uploads\/2022\/04\/Kerzen-in-Verpackung_IMG_5716-Kopie-214x400.jpg 214w, https:\/\/esmero.de\/wp-content\/uploads\/2022\/04\/Kerzen-in-Verpackung_IMG_5716-Kopie-535x1000.jpg 535w, https:\/\/esmero.de\/wp-content\/uploads\/2022\/04\/Kerzen-in-Verpackung_IMG_5716-Kopie-600x1122.jpg 600w, https:\/\/esmero.de\/wp-content\/uploads\/2022\/04\/Kerzen-in-Verpackung_IMG_5716-Kopie-scaled-e1650724256597.jpg 1070w\" sizes=\"auto, (max-width: 160px) 100vw, 160px\" \/><\/div><a class=\"w-gallery-item-link\" aria-label=\"Fertigstellung der Verpackung\" href=\"https:\/\/esmero.de\/wp-content\/uploads\/2022\/04\/Kerzen-in-Verpackung_IMG_5716-Kopie-scaled-e1650724256597.jpg\" title=\"Fertigstellung der Verpackung\"><\/a><\/div><div class=\"w-gallery-item\"><div class=\"w-gallery-item-img\"><img loading=\"lazy\" decoding=\"async\" width=\"186\" height=\"300\" src=\"https:\/\/esmero.de\/wp-content\/uploads\/2022\/04\/Kerzen-in-Verpackung_IMG_5717-186x300.jpg\" class=\"attachment-medium size-medium\" alt=\"Fertigstellung der Kerzenverpackung\" srcset=\"https:\/\/esmero.de\/wp-content\/uploads\/2022\/04\/Kerzen-in-Verpackung_IMG_5717-186x300.jpg 186w, https:\/\/esmero.de\/wp-content\/uploads\/2022\/04\/Kerzen-in-Verpackung_IMG_5717-634x1024.jpg 634w, https:\/\/esmero.de\/wp-content\/uploads\/2022\/04\/Kerzen-in-Verpackung_IMG_5717-124x200.jpg 124w, https:\/\/esmero.de\/wp-content\/uploads\/2022\/04\/Kerzen-in-Verpackung_IMG_5717-93x150.jpg 93w, https:\/\/esmero.de\/wp-content\/uploads\/2022\/04\/Kerzen-in-Verpackung_IMG_5717-248x400.jpg 248w, https:\/\/esmero.de\/wp-content\/uploads\/2022\/04\/Kerzen-in-Verpackung_IMG_5717-619x1000.jpg 619w, https:\/\/esmero.de\/wp-content\/uploads\/2022\/04\/Kerzen-in-Verpackung_IMG_5717-600x969.jpg 600w, https:\/\/esmero.de\/wp-content\/uploads\/2022\/04\/Kerzen-in-Verpackung_IMG_5717-scaled-e1650724192526.jpg 1238w\" sizes=\"auto, (max-width: 186px) 100vw, 186px\" \/><\/div><a class=\"w-gallery-item-link\" aria-label=\"Fertigstellung der Kerzenverpackung\" href=\"https:\/\/esmero.de\/wp-content\/uploads\/2022\/04\/Kerzen-in-Verpackung_IMG_5717-scaled-e1650724192526.jpg\" title=\"Fertigstellung der Kerzenverpackung\"><\/a><\/div><div class=\"w-gallery-item\"><div class=\"w-gallery-item-img\"><img loading=\"lazy\" decoding=\"async\" width=\"300\" height=\"300\" src=\"https:\/\/esmero.de\/wp-content\/uploads\/2022\/04\/stb_beipackflyer_VS_X3-1-300x300.jpg\" class=\"attachment-medium size-medium\" alt=\"Flyer f\u00fcr die Kerzen. Vorderseite.\" srcset=\"https:\/\/esmero.de\/wp-content\/uploads\/2022\/04\/stb_beipackflyer_VS_X3-1-300x300.jpg 300w, https:\/\/esmero.de\/wp-content\/uploads\/2022\/04\/stb_beipackflyer_VS_X3-1-1024x1024.jpg 1024w, https:\/\/esmero.de\/wp-content\/uploads\/2022\/04\/stb_beipackflyer_VS_X3-1-150x150.jpg 150w, https:\/\/esmero.de\/wp-content\/uploads\/2022\/04\/stb_beipackflyer_VS_X3-1-200x200.jpg 200w, https:\/\/esmero.de\/wp-content\/uploads\/2022\/04\/stb_beipackflyer_VS_X3-1-400x400.jpg 400w, https:\/\/esmero.de\/wp-content\/uploads\/2022\/04\/stb_beipackflyer_VS_X3-1-1000x1000.jpg 1000w, https:\/\/esmero.de\/wp-content\/uploads\/2022\/04\/stb_beipackflyer_VS_X3-1-600x600.jpg 600w, https:\/\/esmero.de\/wp-content\/uploads\/2022\/04\/stb_beipackflyer_VS_X3-1.jpg 1795w\" sizes=\"auto, (max-width: 300px) 100vw, 300px\" \/><\/div><a class=\"w-gallery-item-link\" aria-label=\"Flyer f\u00fcr die Kerzen. Vorderseite.\" href=\"https:\/\/esmero.de\/wp-content\/uploads\/2022\/04\/stb_beipackflyer_VS_X3-1.jpg\" title=\"Flyer f\u00fcr die Kerzen. Vorderseite.\"><\/a><\/div><div class=\"w-gallery-item\"><div class=\"w-gallery-item-img\"><img loading=\"lazy\" decoding=\"async\" width=\"300\" height=\"300\" src=\"https:\/\/esmero.de\/wp-content\/uploads\/2022\/04\/stb_beipackflyer_VS_X3-2-300x300.jpg\" class=\"attachment-medium size-medium\" alt=\"Flyer f\u00fcr die Kerzen. R\u00fcckseite.\" srcset=\"https:\/\/esmero.de\/wp-content\/uploads\/2022\/04\/stb_beipackflyer_VS_X3-2-300x300.jpg 300w, https:\/\/esmero.de\/wp-content\/uploads\/2022\/04\/stb_beipackflyer_VS_X3-2-1024x1024.jpg 1024w, https:\/\/esmero.de\/wp-content\/uploads\/2022\/04\/stb_beipackflyer_VS_X3-2-150x150.jpg 150w, https:\/\/esmero.de\/wp-content\/uploads\/2022\/04\/stb_beipackflyer_VS_X3-2-200x200.jpg 200w, https:\/\/esmero.de\/wp-content\/uploads\/2022\/04\/stb_beipackflyer_VS_X3-2-400x400.jpg 400w, https:\/\/esmero.de\/wp-content\/uploads\/2022\/04\/stb_beipackflyer_VS_X3-2-1000x1000.jpg 1000w, https:\/\/esmero.de\/wp-content\/uploads\/2022\/04\/stb_beipackflyer_VS_X3-2-600x600.jpg 600w, https:\/\/esmero.de\/wp-content\/uploads\/2022\/04\/stb_beipackflyer_VS_X3-2.jpg 1795w\" sizes=\"auto, (max-width: 300px) 100vw, 300px\" \/><\/div><a class=\"w-gallery-item-link\" aria-label=\"Flyer f\u00fcr die Kerzen. R\u00fcckseite.\" href=\"https:\/\/esmero.de\/wp-content\/uploads\/2022\/04\/stb_beipackflyer_VS_X3-2.jpg\" title=\"Flyer f\u00fcr die Kerzen. R\u00fcckseite.\"><\/a><\/div><div class=\"w-gallery-item\"><div class=\"w-gallery-item-img\"><img loading=\"lazy\" decoding=\"async\" width=\"300\" height=\"200\" src=\"https:\/\/esmero.de\/wp-content\/uploads\/2022\/04\/7d0ae4ae-502a-4e48-8d3d-acf971918e8a-300x200.jpg\" class=\"attachment-medium size-medium\" alt=\"Elke Scharnowski brint die erste kerze zum leuchten. Bildrechte: Manfred Boide.\" srcset=\"https:\/\/esmero.de\/wp-content\/uploads\/2022\/04\/7d0ae4ae-502a-4e48-8d3d-acf971918e8a-300x200.jpg 300w, https:\/\/esmero.de\/wp-content\/uploads\/2022\/04\/7d0ae4ae-502a-4e48-8d3d-acf971918e8a-1024x682.jpg 1024w, https:\/\/esmero.de\/wp-content\/uploads\/2022\/04\/7d0ae4ae-502a-4e48-8d3d-acf971918e8a-225x150.jpg 225w, https:\/\/esmero.de\/wp-content\/uploads\/2022\/04\/7d0ae4ae-502a-4e48-8d3d-acf971918e8a-600x399.jpg 600w, https:\/\/esmero.de\/wp-content\/uploads\/2022\/04\/7d0ae4ae-502a-4e48-8d3d-acf971918e8a-1502x1000.jpg 1502w, https:\/\/esmero.de\/wp-content\/uploads\/2022\/04\/7d0ae4ae-502a-4e48-8d3d-acf971918e8a.jpg 1600w\" sizes=\"auto, (max-width: 300px) 100vw, 300px\" \/><\/div><a class=\"w-gallery-item-link\" aria-label=\"Elke Scharnowski brint die erste kerze zum leuchten. Bildrechte: Manfred Boide.\" href=\"https:\/\/esmero.de\/wp-content\/uploads\/2022\/04\/7d0ae4ae-502a-4e48-8d3d-acf971918e8a.jpg\" title=\"Elke Scharnowski brint die erste kerze zum leuchten. Bildrechte: Manfred Boide.\"><\/a><\/div><div class=\"w-gallery-item\"><div class=\"w-gallery-item-img\"><img loading=\"lazy\" decoding=\"async\" width=\"258\" height=\"300\" src=\"https:\/\/esmero.de\/wp-content\/uploads\/2022\/04\/Die-Stadtbadkerze-e1650725093129-258x300.jpg\" class=\"attachment-medium size-medium\" alt=\"Pr\u00e4sentation der Kerzen am Tag des offenen Denkmals. Bildrechte: Manfred Boide.\" srcset=\"https:\/\/esmero.de\/wp-content\/uploads\/2022\/04\/Die-Stadtbadkerze-e1650725093129-258x300.jpg 258w, https:\/\/esmero.de\/wp-content\/uploads\/2022\/04\/Die-Stadtbadkerze-e1650725093129-879x1024.jpg 879w, https:\/\/esmero.de\/wp-content\/uploads\/2022\/04\/Die-Stadtbadkerze-e1650725093129-172x200.jpg 172w, https:\/\/esmero.de\/wp-content\/uploads\/2022\/04\/Die-Stadtbadkerze-e1650725093129-129x150.jpg 129w, https:\/\/esmero.de\/wp-content\/uploads\/2022\/04\/Die-Stadtbadkerze-e1650725093129-344x400.jpg 344w, https:\/\/esmero.de\/wp-content\/uploads\/2022\/04\/Die-Stadtbadkerze-e1650725093129-859x1000.jpg 859w, https:\/\/esmero.de\/wp-content\/uploads\/2022\/04\/Die-Stadtbadkerze-e1650725093129-600x699.jpg 600w, https:\/\/esmero.de\/wp-content\/uploads\/2022\/04\/Die-Stadtbadkerze-e1650725093129.jpg 1125w\" sizes=\"auto, (max-width: 258px) 100vw, 258px\" \/><\/div><a class=\"w-gallery-item-link\" aria-label=\"Pr\u00e4sentation der Kerzen am Tag des offenen Denkmals. Bildrechte: Manfred Boide.\" href=\"https:\/\/esmero.de\/wp-content\/uploads\/2022\/04\/Die-Stadtbadkerze-e1650725093129.jpg\" title=\"Pr\u00e4sentation der Kerzen am Tag des offenen Denkmals. Bildrechte: Manfred Boide.\"><\/a><\/div><div class=\"w-gallery-item\"><div class=\"w-gallery-item-img\"><img loading=\"lazy\" decoding=\"async\" width=\"200\" height=\"300\" src=\"https:\/\/esmero.de\/wp-content\/uploads\/2022\/04\/Boide_Die-Jungs-200x300.jpg\" class=\"attachment-medium size-medium\" alt=\"Pr\u00e4sentation der Kerzen am Tag des offenen Denkmals. Bildrechte: Manfred Boide.\" srcset=\"https:\/\/esmero.de\/wp-content\/uploads\/2022\/04\/Boide_Die-Jungs-200x300.jpg 200w, https:\/\/esmero.de\/wp-content\/uploads\/2022\/04\/Boide_Die-Jungs-682x1024.jpg 682w, https:\/\/esmero.de\/wp-content\/uploads\/2022\/04\/Boide_Die-Jungs-133x200.jpg 133w, https:\/\/esmero.de\/wp-content\/uploads\/2022\/04\/Boide_Die-Jungs-100x150.jpg 100w, https:\/\/esmero.de\/wp-content\/uploads\/2022\/04\/Boide_Die-Jungs-266x400.jpg 266w, https:\/\/esmero.de\/wp-content\/uploads\/2022\/04\/Boide_Die-Jungs-666x1000.jpg 666w, https:\/\/esmero.de\/wp-content\/uploads\/2022\/04\/Boide_Die-Jungs-600x901.jpg 600w, https:\/\/esmero.de\/wp-content\/uploads\/2022\/04\/Boide_Die-Jungs.jpg 1260w\" sizes=\"auto, (max-width: 200px) 100vw, 200px\" \/><\/div><a class=\"w-gallery-item-link\" aria-label=\"Pr\u00e4sentation der Kerzen am Tag des offenen Denkmals. Bildrechte: Manfred Boide.\" href=\"https:\/\/esmero.de\/wp-content\/uploads\/2022\/04\/Boide_Die-Jungs.jpg\" title=\"Pr\u00e4sentation der Kerzen am Tag des offenen Denkmals. Bildrechte: Manfred Boide.\"><\/a><\/div><div class=\"w-gallery-item\"><div class=\"w-gallery-item-img\"><img loading=\"lazy\" decoding=\"async\" width=\"300\" height=\"200\" src=\"https:\/\/esmero.de\/wp-content\/uploads\/2022\/04\/Boide_Maika-300x200.jpg\" class=\"attachment-medium size-medium\" alt=\"Pr\u00e4sentation der Kerzen am Tag des offenen Denkmals. Bildrechte: Manfred Boide.\" srcset=\"https:\/\/esmero.de\/wp-content\/uploads\/2022\/04\/Boide_Maika-300x200.jpg 300w, https:\/\/esmero.de\/wp-content\/uploads\/2022\/04\/Boide_Maika-1024x682.jpg 1024w, https:\/\/esmero.de\/wp-content\/uploads\/2022\/04\/Boide_Maika-225x150.jpg 225w, https:\/\/esmero.de\/wp-content\/uploads\/2022\/04\/Boide_Maika-600x399.jpg 600w, https:\/\/esmero.de\/wp-content\/uploads\/2022\/04\/Boide_Maika-1502x1000.jpg 1502w, https:\/\/esmero.de\/wp-content\/uploads\/2022\/04\/Boide_Maika.jpg 1893w\" sizes=\"auto, (max-width: 300px) 100vw, 300px\" \/><\/div><a class=\"w-gallery-item-link\" aria-label=\"Pr\u00e4sentation der Kerzen am Tag des offenen Denkmals. Bildrechte: Manfred Boide.\" href=\"https:\/\/esmero.de\/wp-content\/uploads\/2022\/04\/Boide_Maika.jpg\" title=\"Pr\u00e4sentation der Kerzen am Tag des offenen Denkmals. Bildrechte: Manfred Boide.\"><\/a><\/div><div class=\"w-gallery-item\"><div class=\"w-gallery-item-img\"><img loading=\"lazy\" decoding=\"async\" width=\"269\" height=\"300\" src=\"https:\/\/esmero.de\/wp-content\/uploads\/2022\/04\/Kerzen-269x300.jpeg\" class=\"attachment-medium size-medium\" alt=\"Bienenwachskerze in der Verpackung\" srcset=\"https:\/\/esmero.de\/wp-content\/uploads\/2022\/04\/Kerzen-269x300.jpeg 269w, https:\/\/esmero.de\/wp-content\/uploads\/2022\/04\/Kerzen-919x1024.jpeg 919w, https:\/\/esmero.de\/wp-content\/uploads\/2022\/04\/Kerzen-180x200.jpeg 180w, https:\/\/esmero.de\/wp-content\/uploads\/2022\/04\/Kerzen-135x150.jpeg 135w, https:\/\/esmero.de\/wp-content\/uploads\/2022\/04\/Kerzen-359x400.jpeg 359w, https:\/\/esmero.de\/wp-content\/uploads\/2022\/04\/Kerzen-898x1000.jpeg 898w, https:\/\/esmero.de\/wp-content\/uploads\/2022\/04\/Kerzen-600x669.jpeg 600w, https:\/\/esmero.de\/wp-content\/uploads\/2022\/04\/Kerzen.jpeg 1436w\" sizes=\"auto, (max-width: 269px) 100vw, 269px\" \/><\/div><a class=\"w-gallery-item-link\" aria-label=\"Bienenwachskerze in der Verpackung\" href=\"https:\/\/esmero.de\/wp-content\/uploads\/2022\/04\/Kerzen.jpeg\" title=\"Bienenwachskerze in der Verpackung\"><\/a><\/div><div class=\"w-gallery-item\"><div class=\"w-gallery-item-img\"><img loading=\"lazy\" decoding=\"async\" width=\"199\" height=\"300\" src=\"https:\/\/esmero.de\/wp-content\/uploads\/2022\/04\/Saalekurier-Halle-7.-Oktober-2021-199x300.jpg\" class=\"attachment-medium size-medium\" alt=\"Artikel in der Mitteldeutschen Zeitung, 7. Oktober 2021\" srcset=\"https:\/\/esmero.de\/wp-content\/uploads\/2022\/04\/Saalekurier-Halle-7.-Oktober-2021-199x300.jpg 199w, https:\/\/esmero.de\/wp-content\/uploads\/2022\/04\/Saalekurier-Halle-7.-Oktober-2021-680x1024.jpg 680w, https:\/\/esmero.de\/wp-content\/uploads\/2022\/04\/Saalekurier-Halle-7.-Oktober-2021-133x200.jpg 133w, https:\/\/esmero.de\/wp-content\/uploads\/2022\/04\/Saalekurier-Halle-7.-Oktober-2021-100x150.jpg 100w, https:\/\/esmero.de\/wp-content\/uploads\/2022\/04\/Saalekurier-Halle-7.-Oktober-2021-266x400.jpg 266w, https:\/\/esmero.de\/wp-content\/uploads\/2022\/04\/Saalekurier-Halle-7.-Oktober-2021-664x1000.jpg 664w, https:\/\/esmero.de\/wp-content\/uploads\/2022\/04\/Saalekurier-Halle-7.-Oktober-2021-600x904.jpg 600w, https:\/\/esmero.de\/wp-content\/uploads\/2022\/04\/Saalekurier-Halle-7.-Oktober-2021-scaled-e1650725226751.jpg 1328w\" sizes=\"auto, (max-width: 199px) 100vw, 199px\" \/><\/div><a class=\"w-gallery-item-link\" aria-label=\"Artikel in der Mitteldeutschen Zeitung, 7. Oktober 2021\" href=\"https:\/\/esmero.de\/wp-content\/uploads\/2022\/04\/Saalekurier-Halle-7.-Oktober-2021-scaled-e1650725226751.jpg\" title=\"Artikel in der Mitteldeutschen Zeitung, 7. Oktober 2021\"><\/a><\/div><div class=\"w-gallery-item\"><div class=\"w-gallery-item-img\"><img loading=\"lazy\" decoding=\"async\" width=\"225\" height=\"300\" src=\"https:\/\/esmero.de\/wp-content\/uploads\/2022\/04\/Rote-Kerze-mit-Falblatt-und-Verpackung-225x300.jpg\" class=\"attachment-medium size-medium\" alt=\"Weihnachtsedition. Rote Kerze mit Falblatt und Verpackung.\" srcset=\"https:\/\/esmero.de\/wp-content\/uploads\/2022\/04\/Rote-Kerze-mit-Falblatt-und-Verpackung-225x300.jpg 225w, https:\/\/esmero.de\/wp-content\/uploads\/2022\/04\/Rote-Kerze-mit-Falblatt-und-Verpackung-768x1024.jpg 768w, https:\/\/esmero.de\/wp-content\/uploads\/2022\/04\/Rote-Kerze-mit-Falblatt-und-Verpackung-150x200.jpg 150w, https:\/\/esmero.de\/wp-content\/uploads\/2022\/04\/Rote-Kerze-mit-Falblatt-und-Verpackung-113x150.jpg 113w, https:\/\/esmero.de\/wp-content\/uploads\/2022\/04\/Rote-Kerze-mit-Falblatt-und-Verpackung-300x400.jpg 300w, https:\/\/esmero.de\/wp-content\/uploads\/2022\/04\/Rote-Kerze-mit-Falblatt-und-Verpackung-750x1000.jpg 750w, https:\/\/esmero.de\/wp-content\/uploads\/2022\/04\/Rote-Kerze-mit-Falblatt-und-Verpackung-600x800.jpg 600w, https:\/\/esmero.de\/wp-content\/uploads\/2022\/04\/Rote-Kerze-mit-Falblatt-und-Verpackung-scaled-e1650725129900.jpg 1500w\" sizes=\"auto, (max-width: 225px) 100vw, 225px\" \/><\/div><a class=\"w-gallery-item-link\" aria-label=\"Weihnachtsedition. Rote Kerze mit Falblatt und Verpackung.\" href=\"https:\/\/esmero.de\/wp-content\/uploads\/2022\/04\/Rote-Kerze-mit-Falblatt-und-Verpackung-scaled-e1650725129900.jpg\" title=\"Weihnachtsedition. Rote Kerze mit Falblatt und Verpackung.\"><\/a><\/div><\/div><\/div>\n<\/div><\/div><\/div><\/div><\/div><\/div><\/div><\/section>\n","protected":false},"excerpt":{"rendered":"Mit Fotogrammetrie und einem 3D-Modell zur Stadtbadkerze Im Herbst 2020 erstellten wir mithilfe von Fotogrammetrie ein 3D-Modell des Turm des Stadtbades und pr\u00e4sentierten es dem F\u00f6rdervereins Zukunft Stadtbad Halle e.V. Sehr schnell war klar, auf der Basis dieses Modells Produkte zu entwickeln, um das historische Bad zu bewerben und den Menschen, die es lieben, Freude...","protected":false},"author":1,"featured_media":2833,"comment_status":"open","ping_status":"open","sticky":false,"template":"","format":"standard","meta":{"inline_featured_image":false,"pgc_sgb_lightbox_settings":"","footnotes":""},"categories":[32],"tags":[71,195,196,258,259],"class_list":["post-2490","post","type-post","status-publish","format-standard","has-post-thumbnail","hentry","category-3d","tag-halle-saale","tag-stadtbad-halle","tag-stadtbad","tag-kerzenproduktion","tag-gebaeude-als-kerze"],"_links":{"self":[{"href":"https:\/\/esmero.de\/en\/wp-json\/wp\/v2\/posts\/2490","targetHints":{"allow":["GET"]}}],"collection":[{"href":"https:\/\/esmero.de\/en\/wp-json\/wp\/v2\/posts"}],"about":[{"href":"https:\/\/esmero.de\/en\/wp-json\/wp\/v2\/types\/post"}],"author":[{"embeddable":true,"href":"https:\/\/esmero.de\/en\/wp-json\/wp\/v2\/users\/1"}],"replies":[{"embeddable":true,"href":"https:\/\/esmero.de\/en\/wp-json\/wp\/v2\/comments?post=2490"}],"version-history":[{"count":35,"href":"https:\/\/esmero.de\/en\/wp-json\/wp\/v2\/posts\/2490\/revisions"}],"predecessor-version":[{"id":2984,"href":"https:\/\/esmero.de\/en\/wp-json\/wp\/v2\/posts\/2490\/revisions\/2984"}],"wp:featuredmedia":[{"embeddable":true,"href":"https:\/\/esmero.de\/en\/wp-json\/wp\/v2\/media\/2833"}],"wp:attachment":[{"href":"https:\/\/esmero.de\/en\/wp-json\/wp\/v2\/media?parent=2490"}],"wp:term":[{"taxonomy":"category","embeddable":true,"href":"https:\/\/esmero.de\/en\/wp-json\/wp\/v2\/categories?post=2490"},{"taxonomy":"post_tag","embeddable":true,"href":"https:\/\/esmero.de\/en\/wp-json\/wp\/v2\/tags?post=2490"}],"curies":[{"name":"wp","href":"https:\/\/api.w.org\/{rel}","templated":true}]}}