{"id":301,"date":"2020-11-19T13:36:46","date_gmt":"2020-11-19T13:36:46","guid":{"rendered":"https:\/\/wp.esmero.de\/?p=301"},"modified":"2022-05-14T07:27:23","modified_gmt":"2022-05-14T07:27:23","slug":"mdr-interview","status":"publish","type":"post","link":"https:\/\/esmero.de\/en\/mdr-interview\/","title":{"rendered":"MDR Interview zum 360\u00b0-Rundgang"},"content":{"rendered":"<section class=\"l-section wpb_row height_small\"><div class=\"l-section-h i-cf\"><div class=\"g-cols vc_row via_flex valign_top type_default stacking_default\"><div class=\"vc_col-sm-12 wpb_column vc_column_container\"><div class=\"vc_column-inner\"><div class=\"wpb_wrapper\"><div class=\"w-image align_center\"><a ref=\"magnificPopup\" href=\"https:\/\/esmero.de\/wp-content\/uploads\/2021\/12\/IMG-20201119-WA0013.jpg\" aria-label=\"IMG-20201119-WA0013\" class=\"w-image-h\"><img decoding=\"async\" width=\"1024\" height=\"682\" src=\"https:\/\/esmero.de\/wp-content\/uploads\/2021\/12\/IMG-20201119-WA0013-1024x682.jpg\" class=\"attachment-large size-large\" alt=\"\" loading=\"lazy\" srcset=\"https:\/\/esmero.de\/wp-content\/uploads\/2021\/12\/IMG-20201119-WA0013-1024x682.jpg 1024w, https:\/\/esmero.de\/wp-content\/uploads\/2021\/12\/IMG-20201119-WA0013-600x400.jpg 600w, https:\/\/esmero.de\/wp-content\/uploads\/2021\/12\/IMG-20201119-WA0013-300x200.jpg 300w, https:\/\/esmero.de\/wp-content\/uploads\/2021\/12\/IMG-20201119-WA0013-450x300.jpg 450w, https:\/\/esmero.de\/wp-content\/uploads\/2021\/12\/IMG-20201119-WA0013.jpg 1593w\" sizes=\"auto, (max-width: 1024px) 100vw, 1024px\" \/><\/a><\/div><div class=\"w-separator size_small\"><\/div><div class=\"wpb_text_column\"><div class=\"wpb_wrapper\"><p>Am heutigen Tag standen wir Rede und Antwort vor der Kamera des MDR f\u00fcr einen Beitrag rund um die j\u00e4hrliche Weihnachtsausstellung der Neuen Residenz. Denn dieses Jahr erstellen wir einen 360\u00b0 Panoramarundgang damit die geneigten Besucher auch trotz COVID die wundervolle und mit viel Liebe zum Detail gestaltete Ausstellung virtuell besuchen k\u00f6nnen. Sobald der Rundgang verf\u00fcgbar ist werden wir es nat\u00fcrlich hier vermelden.<\/p>\n<\/div><\/div><\/div><\/div><\/div><\/div><\/div><\/section>\n","protected":false},"excerpt":{"rendered":"Am heutigen Tag standen wir Rede und Antwort vor der Kamera des MDR f\u00fcr einen Beitrag rund um die j\u00e4hrliche Weihnachtsausstellung der Neuen Residenz. Denn dieses Jahr erstellen wir einen 360\u00b0 Panoramarundgang damit die geneigten Besucher auch trotz COVID die wundervolle und mit viel Liebe zum Detail gestaltete Ausstellung virtuell besuchen k\u00f6nnen. Sobald der Rundgang...","protected":false},"author":1,"featured_media":243,"comment_status":"open","ping_status":"open","sticky":false,"template":"","format":"standard","meta":{"inline_featured_image":false,"pgc_sgb_lightbox_settings":"","footnotes":""},"categories":[31],"tags":[35,36,37,51,52],"class_list":["post-301","post","type-post","status-publish","format-standard","has-post-thumbnail","hentry","category-360-touren","tag-360-grad","tag-virtuelle-touren","tag-panoramaaufnahmen","tag-mdr","tag-interview"],"_links":{"self":[{"href":"https:\/\/esmero.de\/en\/wp-json\/wp\/v2\/posts\/301","targetHints":{"allow":["GET"]}}],"collection":[{"href":"https:\/\/esmero.de\/en\/wp-json\/wp\/v2\/posts"}],"about":[{"href":"https:\/\/esmero.de\/en\/wp-json\/wp\/v2\/types\/post"}],"author":[{"embeddable":true,"href":"https:\/\/esmero.de\/en\/wp-json\/wp\/v2\/users\/1"}],"replies":[{"embeddable":true,"href":"https:\/\/esmero.de\/en\/wp-json\/wp\/v2\/comments?post=301"}],"version-history":[{"count":4,"href":"https:\/\/esmero.de\/en\/wp-json\/wp\/v2\/posts\/301\/revisions"}],"predecessor-version":[{"id":323,"href":"https:\/\/esmero.de\/en\/wp-json\/wp\/v2\/posts\/301\/revisions\/323"}],"wp:featuredmedia":[{"embeddable":true,"href":"https:\/\/esmero.de\/en\/wp-json\/wp\/v2\/media\/243"}],"wp:attachment":[{"href":"https:\/\/esmero.de\/en\/wp-json\/wp\/v2\/media?parent=301"}],"wp:term":[{"taxonomy":"category","embeddable":true,"href":"https:\/\/esmero.de\/en\/wp-json\/wp\/v2\/categories?post=301"},{"taxonomy":"post_tag","embeddable":true,"href":"https:\/\/esmero.de\/en\/wp-json\/wp\/v2\/tags?post=301"}],"curies":[{"name":"wp","href":"https:\/\/api.w.org\/{rel}","templated":true}]}}