{"id":316,"date":"2020-12-03T14:29:03","date_gmt":"2020-12-03T14:29:03","guid":{"rendered":"https:\/\/wp.esmero.de\/?p=316"},"modified":"2022-05-14T07:05:22","modified_gmt":"2022-05-14T07:05:22","slug":"weihnacht-in-der-neuen-residenz-2020","status":"publish","type":"post","link":"https:\/\/esmero.de\/en\/weihnacht-in-der-neuen-residenz-2020\/","title":{"rendered":"Weihnacht in der Neuen Residenz 2020"},"content":{"rendered":"<p><a ref=\"magnificPopup\" href=\"https:\/\/wp.esmero.de\/wp-content\/uploads\/2021\/03\/Residenz-Weihnachten.jpg\"><img loading=\"lazy\" decoding=\"async\" class=\"aligncenter wp-image-434 \" src=\"https:\/\/wp.esmero.de\/wp-content\/uploads\/2021\/03\/Residenz-Weihnachten-1024x497.jpg\" alt=\"\" width=\"657\" height=\"319\" srcset=\"https:\/\/esmero.de\/wp-content\/uploads\/2021\/03\/Residenz-Weihnachten-1024x497.jpg 1024w, https:\/\/esmero.de\/wp-content\/uploads\/2021\/03\/Residenz-Weihnachten-300x146.jpg 300w, https:\/\/esmero.de\/wp-content\/uploads\/2021\/03\/Residenz-Weihnachten-450x218.jpg 450w, https:\/\/esmero.de\/wp-content\/uploads\/2021\/03\/Residenz-Weihnachten-600x291.jpg 600w\" sizes=\"auto, (max-width: 657px) 100vw, 657px\" \/><\/a><\/p>\n<p>Der Lichterglanz in 16 Pavillons entf\u00fchrt in eine winterlich wei\u00dfe Zeit. Die thematische Ausstellung des Beruflichen Bildungswerkes Halle zur Weihnachtszeit, gef\u00f6rdert durch das\u00a0<strong>Jobcenter<\/strong>\u00a0Halle, wird in diesem Jahr nur virtuell er\u00f6ffnet. Die Ausstellung \u201eWintergarten\u201c zur Jahreswende entf\u00fchrt in die wei\u00dfe Winterwelt. Auch wenn niemand die Ausstellung 2020 pers\u00f6nlich besuchen darf, kann man online erleben was die Projektteilnehmer wieder mit viel Liebe, Kreativit\u00e4t und M\u00fche im Innenhof der Neuen Residenz geschaffen haben.<\/p>\n<p style=\"text-align: center;\"><iframe loading=\"lazy\" style=\"border: 0;\" src=\"https:\/\/esmero.halpix.de\/projects\/neueresidenz\/wg\/tour.html\" width=\"100%\" height=\"500\" frameborder=\"0\" allowfullscreen=\"allowfullscreen\"><\/iframe><\/p>\n","protected":false},"excerpt":{"rendered":"<p>Der Lichterglanz in 16 Pavillons entf\u00fchrt in eine winterlich wei\u00dfe Zeit. Die thematische Ausstellung des Beruflichen Bildungswerkes Halle zur Weihnachtszeit, gef\u00f6rdert durch das\u00a0Jobcenter\u00a0Halle, wird in diesem Jahr nur virtuell er\u00f6ffnet. Die Ausstellung \u201eWintergarten\u201c zur Jahreswende entf\u00fchrt in die wei\u00dfe Winterwelt. Auch wenn niemand die Ausstellung 2020 pers\u00f6nlich besuchen darf, kann man online erleben was die&#8230;<\/p>\n","protected":false},"author":1,"featured_media":434,"comment_status":"open","ping_status":"open","sticky":false,"template":"","format":"standard","meta":{"inline_featured_image":false,"pgc_sgb_lightbox_settings":"","footnotes":""},"categories":[31],"tags":[35,36,37,46],"class_list":["post-316","post","type-post","status-publish","format-standard","has-post-thumbnail","hentry","category-360-touren","tag-360-grad","tag-virtuelle-touren","tag-panoramaaufnahmen","tag-neue-residenz"],"_links":{"self":[{"href":"https:\/\/esmero.de\/en\/wp-json\/wp\/v2\/posts\/316","targetHints":{"allow":["GET"]}}],"collection":[{"href":"https:\/\/esmero.de\/en\/wp-json\/wp\/v2\/posts"}],"about":[{"href":"https:\/\/esmero.de\/en\/wp-json\/wp\/v2\/types\/post"}],"author":[{"embeddable":true,"href":"https:\/\/esmero.de\/en\/wp-json\/wp\/v2\/users\/1"}],"replies":[{"embeddable":true,"href":"https:\/\/esmero.de\/en\/wp-json\/wp\/v2\/comments?post=316"}],"version-history":[{"count":4,"href":"https:\/\/esmero.de\/en\/wp-json\/wp\/v2\/posts\/316\/revisions"}],"predecessor-version":[{"id":441,"href":"https:\/\/esmero.de\/en\/wp-json\/wp\/v2\/posts\/316\/revisions\/441"}],"wp:featuredmedia":[{"embeddable":true,"href":"https:\/\/esmero.de\/en\/wp-json\/wp\/v2\/media\/434"}],"wp:attachment":[{"href":"https:\/\/esmero.de\/en\/wp-json\/wp\/v2\/media?parent=316"}],"wp:term":[{"taxonomy":"category","embeddable":true,"href":"https:\/\/esmero.de\/en\/wp-json\/wp\/v2\/categories?post=316"},{"taxonomy":"post_tag","embeddable":true,"href":"https:\/\/esmero.de\/en\/wp-json\/wp\/v2\/tags?post=316"}],"curies":[{"name":"wp","href":"https:\/\/api.w.org\/{rel}","templated":true}]}}