{"id":3224,"date":"2022-08-28T12:41:10","date_gmt":"2022-08-28T12:41:10","guid":{"rendered":"https:\/\/esmero.de\/?p=3224"},"modified":"2023-05-07T19:56:52","modified_gmt":"2023-05-07T19:56:52","slug":"assisty-care-imagefilm","status":"publish","type":"post","link":"https:\/\/esmero.de\/en\/assisty-care-imagefilm\/","title":{"rendered":"Assisty Care Imagefilm"},"content":{"rendered":"<section class=\"l-section wpb_row height_auto\"><div class=\"l-section-h i-cf\"><div class=\"g-cols vc_row via_flex valign_top type_default stacking_default\"><div class=\"vc_col-sm-12 wpb_column vc_column_container\"><div class=\"vc_column-inner\"><div class=\"wpb_wrapper\"><div class=\"w-video align_none ratio_16x9 has_iframe\"><div class=\"w-video-h\"><iframe title=\"Youtube video player\" src=\"\/\/www.youtube.com\/embed\/9Aq-FLfqY3A?autoplay=0&controls=1&origin=https:\/\/esmero.de\/en&loop=0&mute=0\" allowfullscreen=\"1\" loading=\"lazy\"><\/iframe><\/div><\/div><div class=\"w-separator size_small\"><\/div><div class=\"wpb_text_column\"><div class=\"wpb_wrapper\"><p><span style=\"font-size: 14pt;\">Wir haben die Gelegenheit bekommen einen Imagefilm f\u00fcr die Pflegeeinrichtung von Assisty Care zu produzieren. Mit diesem Film wollten wir die hervorragende Arbeit des Assisty Care-Teams einer breiten \u00d6ffentlichkeit pr\u00e4sentieren und gleichzeitig das Bewusstsein f\u00fcr die herausfordernde und wichtige Arbeit in der Pflegebranche st\u00e4rken. Wir waren begeistert von der M\u00f6glichkeit, unsere F\u00e4higkeiten und Ressourcen einzusetzen, um einen Film zu produzieren, der dazu beitr\u00e4gt, das Bild der Pflegeeinrichtungen in unserer Gesellschaft zu verbessern.<\/span><\/p>\n<p><span style=\"font-size: 14pt;\">Unser Ziel war es, ein realistisches Bild der Pflegeeinrichtung zu zeigen und gleichzeitig die Vorz\u00fcge der Einrichtung hervorzuheben. Wir wollten den Zuschauern vermitteln, dass Assisty Care nicht nur eine herk\u00f6mmliche Pflegeeinrichtung ist, sondern ein Ort, an dem die Bewohnerinnen und Bewohner sich wirklich zu Hause f\u00fchlen k\u00f6nnen.<\/span><\/p>\n<p><span style=\"font-size: 14pt;\">Um dieses Ziel zu erreichen, haben wir uns f\u00fcr eine sehr authentische und nat\u00fcrliche Herangehensweise entschieden. Wir haben echte Bewohner sowie Mitarbeiter der Einrichtung vor der Kamera gehabt und sie in ihren allt\u00e4glichen T\u00e4tigkeiten und Interaktionen gefilmt. Wir haben bewusst auf gestellte Szenen und Schauspieler verzichtet, um ein m\u00f6glichst realit\u00e4tsnahes Bild der Einrichtung zu zeigen.<\/span><\/p>\n<p><span style=\"font-size: 14pt;\">Unser Film zeigt, wie die Mitarbeiter von Assisty Care die Bewohner liebevoll betreuen und auf ihre individuellen Bed\u00fcrfnisse eingehen. Wir zeigen auch, wie die Bewohner sich in der Einrichtung wohlf\u00fchlen und an den zahlreichen Aktivit\u00e4ten und Veranstaltungen teilnehmen.<\/span><\/p>\n<p><span style=\"font-size: 14pt;\">Insgesamt sind wir mit dem Ergebnis unseres Imagefilms f\u00fcr Assisty Care sehr zufrieden. Wir glauben, dass wir ein realistisches Bild der Einrichtung vermittelt haben und dass wir damit dazu beitragen k\u00f6nnen, dass sich noch mehr Menschen f\u00fcr eine Betreuung in Assisty Care entscheiden. Wir hoffen, dass unser Film dazu beitragen kann, dass die hervorragende Arbeit, die das Assisty Care-Team leistet, noch mehr Anerkennung findet.<\/span><\/p>\n<\/div><\/div><\/div><\/div><\/div><\/div><\/div><\/section>\n","protected":false},"excerpt":{"rendered":"Wir haben die Gelegenheit bekommen einen Imagefilm f\u00fcr die Pflegeeinrichtung von Assisty Care zu produzieren. Mit diesem Film wollten wir die hervorragende Arbeit des Assisty Care-Teams einer breiten \u00d6ffentlichkeit pr\u00e4sentieren und gleichzeitig das Bewusstsein f\u00fcr die herausfordernde und wichtige Arbeit in der Pflegebranche st\u00e4rken. Wir waren begeistert von der M\u00f6glichkeit, unsere F\u00e4higkeiten und Ressourcen einzusetzen,...","protected":false},"author":1,"featured_media":3401,"comment_status":"open","ping_status":"open","sticky":false,"template":"","format":"standard","meta":{"inline_featured_image":false,"pgc_sgb_lightbox_settings":"","footnotes":""},"categories":[44,109],"tags":[111,287,301,302,303],"class_list":["post-3224","post","type-post","status-publish","format-standard","has-post-thumbnail","hentry","category-luftaufnahmen","category-video","tag-video","tag-imagefilm","tag-assisty-care","tag-pflegeeinrichtung","tag-pflegeheim"],"_links":{"self":[{"href":"https:\/\/esmero.de\/en\/wp-json\/wp\/v2\/posts\/3224","targetHints":{"allow":["GET"]}}],"collection":[{"href":"https:\/\/esmero.de\/en\/wp-json\/wp\/v2\/posts"}],"about":[{"href":"https:\/\/esmero.de\/en\/wp-json\/wp\/v2\/types\/post"}],"author":[{"embeddable":true,"href":"https:\/\/esmero.de\/en\/wp-json\/wp\/v2\/users\/1"}],"replies":[{"embeddable":true,"href":"https:\/\/esmero.de\/en\/wp-json\/wp\/v2\/comments?post=3224"}],"version-history":[{"count":5,"href":"https:\/\/esmero.de\/en\/wp-json\/wp\/v2\/posts\/3224\/revisions"}],"predecessor-version":[{"id":3403,"href":"https:\/\/esmero.de\/en\/wp-json\/wp\/v2\/posts\/3224\/revisions\/3403"}],"wp:featuredmedia":[{"embeddable":true,"href":"https:\/\/esmero.de\/en\/wp-json\/wp\/v2\/media\/3401"}],"wp:attachment":[{"href":"https:\/\/esmero.de\/en\/wp-json\/wp\/v2\/media?parent=3224"}],"wp:term":[{"taxonomy":"category","embeddable":true,"href":"https:\/\/esmero.de\/en\/wp-json\/wp\/v2\/categories?post=3224"},{"taxonomy":"post_tag","embeddable":true,"href":"https:\/\/esmero.de\/en\/wp-json\/wp\/v2\/tags?post=3224"}],"curies":[{"name":"wp","href":"https:\/\/api.w.org\/{rel}","templated":true}]}}