{"id":3226,"date":"2022-08-28T12:41:28","date_gmt":"2022-08-28T12:41:28","guid":{"rendered":"https:\/\/esmero.de\/?p=3226"},"modified":"2023-05-07T19:56:56","modified_gmt":"2023-05-07T19:56:56","slug":"auswaertiges-amt-imagefilm","status":"publish","type":"post","link":"https:\/\/esmero.de\/en\/auswaertiges-amt-imagefilm\/","title":{"rendered":"Ausw\u00e4rtiges Amt &#8211; Imagefilm"},"content":{"rendered":"<p>Wir hatten die wunderbare Gelegenheit, einen Imagefilm f\u00fcr den Tag der Offenen T\u00fcr im Ausw\u00e4rtigen Amt in Berlin im Jahr 2022 zu produzieren. Dies war eine gro\u00dfe Chance f\u00fcr uns, da das Ausw\u00e4rtige Amt eine der wichtigsten Einrichtungen in Deutschland ist, die sich mit internationalen Angelegenheiten und diplomatischen Beziehungen besch\u00e4ftigt.<\/p>\n<p>Um einen erfolgreichen Imagefilm f\u00fcr diese Veranstaltung zu erstellen, haben wir uns zun\u00e4chst eingehend mit dem Ausw\u00e4rtigen Amt auseinandergesetzt, um eine klare Vorstellung von den Zielen und Werten der Einrichtung zu erhalten. Anschlie\u00dfend haben wir ein Konzept entwickelt, das dies wiederum auf kreative und ansprechende Art und Weise darstellt.<\/p>\n<p>Die Dreharbeiten fanden im Ausw\u00e4rtigen Amt selbst statt und wurden durch unser Filmteam durchgef\u00fchrt. Wir haben uns bem\u00fcht, die Vielfalt der T\u00e4tigkeiten des Ausw\u00e4rtigen Amts und die Erlebnisse der Menschen bei dieser Veranstaltung in unserem Film widerzuspiegeln und so den Zuschauern einen umfassenden Einblick zu geben. Dazu geh\u00f6rten ebenfalls Interviews mit Besuchern des Amtes und deren Eindr\u00fccke, die das Erlebte widerspiegeln sollten.<\/p>\n<p>Wir haben uns f\u00fcr eine moderne und dynamische \u00c4sthetik entschieden, um den Film m\u00f6glichst ansprechend und kurzweilig zu gestalten. Dazu geh\u00f6rten eine lebhafte Abwechslung und eine inspirierende Musik. Gleichzeitig haben wir darauf geachtet, dass der Film auch informativ und pr\u00e4zise bleibt, damit er das Ausw\u00e4rtige Amt in seiner Gesamtheit repr\u00e4sentiert.<\/p>\n<p>Der fertige Film wird nun f\u00fcr das Bewerben des n\u00e4chsten Tages der Offenen T\u00fcr im Ausw\u00e4rtigen Amt genutzt und erhielt bisher ein sehr positives Feedback von den Mitarbeitern.\u00a0Insgesamt war es eine sehr tolle Erfahrung, einen Imagefilm der Veranstaltung f\u00fcr das Ausw\u00e4rtige Amt zu produzieren. Wir hoffen, dass der Film auch weiterhin dazu beitragen wird, das Verst\u00e4ndnis und die Wertsch\u00e4tzung f\u00fcr die Arbeit des Ausw\u00e4rtigen Amts zu erh\u00f6hen.<\/p>\n<p>Hier finden Sie den fertigen Film:<br \/>\n<a href=\"https:\/\/www.auswaertiges-amt.de\/de\/aamt\/zugastimaa\/tdot\/2494372\" target=\"_blank\" rel=\"noopener\">https:\/\/www.auswaertiges-amt.de\/de\/aamt\/zugastimaa\/tdot\/2494372<\/a><\/p>\n","protected":false},"excerpt":{"rendered":"<p>Wir hatten die wunderbare Gelegenheit, einen Imagefilm f\u00fcr den Tag der Offenen T\u00fcr im Ausw\u00e4rtigen Amt in Berlin im Jahr 2022 zu produzieren. Dies war eine gro\u00dfe Chance f\u00fcr uns, da das Ausw\u00e4rtige Amt eine der wichtigsten Einrichtungen in Deutschland ist, die sich mit internationalen Angelegenheiten und diplomatischen Beziehungen besch\u00e4ftigt. Um einen erfolgreichen Imagefilm f\u00fcr&#8230;<\/p>\n","protected":false},"author":1,"featured_media":3406,"comment_status":"open","ping_status":"open","sticky":false,"template":"","format":"standard","meta":{"inline_featured_image":false,"pgc_sgb_lightbox_settings":"","footnotes":""},"categories":[109],"tags":[49,50,287,304,305],"class_list":["post-3226","post","type-post","status-publish","format-standard","has-post-thumbnail","hentry","category-video","tag-berlin","tag-auswaertiges-amt","tag-imagefilm","tag-tdot","tag-tag-der-offenen-tuer"],"_links":{"self":[{"href":"https:\/\/esmero.de\/en\/wp-json\/wp\/v2\/posts\/3226","targetHints":{"allow":["GET"]}}],"collection":[{"href":"https:\/\/esmero.de\/en\/wp-json\/wp\/v2\/posts"}],"about":[{"href":"https:\/\/esmero.de\/en\/wp-json\/wp\/v2\/types\/post"}],"author":[{"embeddable":true,"href":"https:\/\/esmero.de\/en\/wp-json\/wp\/v2\/users\/1"}],"replies":[{"embeddable":true,"href":"https:\/\/esmero.de\/en\/wp-json\/wp\/v2\/comments?post=3226"}],"version-history":[{"count":2,"href":"https:\/\/esmero.de\/en\/wp-json\/wp\/v2\/posts\/3226\/revisions"}],"predecessor-version":[{"id":3407,"href":"https:\/\/esmero.de\/en\/wp-json\/wp\/v2\/posts\/3226\/revisions\/3407"}],"wp:featuredmedia":[{"embeddable":true,"href":"https:\/\/esmero.de\/en\/wp-json\/wp\/v2\/media\/3406"}],"wp:attachment":[{"href":"https:\/\/esmero.de\/en\/wp-json\/wp\/v2\/media?parent=3226"}],"wp:term":[{"taxonomy":"category","embeddable":true,"href":"https:\/\/esmero.de\/en\/wp-json\/wp\/v2\/categories?post=3226"},{"taxonomy":"post_tag","embeddable":true,"href":"https:\/\/esmero.de\/en\/wp-json\/wp\/v2\/tags?post=3226"}],"curies":[{"name":"wp","href":"https:\/\/api.w.org\/{rel}","templated":true}]}}