{"id":335,"date":"2021-03-28T14:25:51","date_gmt":"2021-03-28T14:25:51","guid":{"rendered":"https:\/\/wp.esmero.de\/?p=335"},"modified":"2022-05-14T07:13:36","modified_gmt":"2022-05-14T07:13:36","slug":"osterausstellung-neuen-residenz-2021","status":"publish","type":"post","link":"https:\/\/esmero.de\/en\/osterausstellung-neuen-residenz-2021\/","title":{"rendered":"Osterausstellung in der Neuen Residenz 2021"},"content":{"rendered":"<p><a ref=\"magnificPopup\" href=\"https:\/\/wp.esmero.de\/wp-content\/uploads\/2021\/03\/Residenz-Ostern.jpg\"><img loading=\"lazy\" decoding=\"async\" class=\"wp-image-435 aligncenter\" src=\"https:\/\/wp.esmero.de\/wp-content\/uploads\/2021\/03\/Residenz-Ostern-1024x606.jpg\" alt=\"\" width=\"589\" height=\"349\" srcset=\"https:\/\/esmero.de\/wp-content\/uploads\/2021\/03\/Residenz-Ostern-1024x606.jpg 1024w, https:\/\/esmero.de\/wp-content\/uploads\/2021\/03\/Residenz-Ostern-300x177.jpg 300w, https:\/\/esmero.de\/wp-content\/uploads\/2021\/03\/Residenz-Ostern-450x266.jpg 450w, https:\/\/esmero.de\/wp-content\/uploads\/2021\/03\/Residenz-Ostern-600x355.jpg 600w, https:\/\/esmero.de\/wp-content\/uploads\/2021\/03\/Residenz-Ostern.jpg 1160w\" sizes=\"auto, (max-width: 589px) 100vw, 589px\" \/><\/a><\/p>\n<p>\u201eOsterwelten\u201d lautet das Thema der Osterausstellung 2021 in der Neuen Residenz Halle. Die dortige Kreativwerkstatt hat auch in diesem Jahr, gemeinsam mit Langzeitarbeitslosen in einer Arbeitsgelegenheit, unterst\u00fctzt von Mitarbeitern des Beruflichen Bildungswerk e.V. Halle-Saalkreis, ihrer Fantasie freien Lauf gelassen. Vielf\u00e4ltige und einzigartige Gestaltungen, welche auf Fr\u00fchling und insbesondere auf das nahende Osterfest einstimmen sollen, sind wieder entstanden.<\/p>\n<p>Um dem Arbeitstitel ihrer Ausstellung gerecht zu werden, bedienen sich die Akteure einer umfangreichen Palette gestalterischer Elemente, die neben Fr\u00fchjahrsbl\u00fchern vor allem auf traditionelle und moderne \u00f6sterliche Accessoires setzt, entstanden sind kleine thematische Osterwelten.<\/p>\n<p><strong>Die B\u00fchne f\u00fcr den gro\u00dfen Auftritt von Osterhase &amp; Co ist geschaffen.<\/strong><\/p>\n<p>In den 16 Pavillons wurden rund um das Themen Ostern gestaltet und installiert. Jeder Pavillon ist seine eigene kleine fr\u00fchlingshafte Osterwelt, passend zur Jahreszeit. Bewundern kann man Oster-Schafe, eine Hasenschule, Gedichte und Spr\u00fcche, Osterk\u00f6rbe, den Fr\u00fchling aus der Zwiebel, Tanz um den Maibaum, Hasen und H\u00fchner in verschiedenen Formen, Osternester und vielerlei Phantasien welche liebevoll in Handarbeit gefertigt und verbaut wurden.<\/p>\n<p><strong>Au\u00dfergew\u00f6hnliche Zeiten erfordern au\u00dfergew\u00f6hnliche Ideen.<\/strong><\/p>\n<p>Die thematische Ausstellung des Beruflichen Bildungswerkes Halle zur Osterzeit, welche wie auch die vorangegangenen Ausstellungen eine gef\u00f6rderte Arbeitsgelegenheit durch das Jobcenter Halle ist, wurde unabh\u00e4ngig von den derzeitigen Einschr\u00e4nkungen durch die Pandemie fertiggestellt.<\/p>\n<p>Auch wenn niemand die Ausstellung 2021 pers\u00f6nlich besuchen darf, kann man online erleben was die Projektteilnehmer wieder mit viel Liebe, Kreativit\u00e4t und M\u00fche im Innenhof der Neuen Residenz geschaffen haben.<\/p>\n<p>Ab heute kann man diese Ausstellung virtuell besuchen, die einzelnen Pavillons begehen und sich die entstandenen Kunstwerke genau betrachten.<\/p>\n<p style=\"text-align: center;\"><iframe loading=\"lazy\" style=\"border: 0;\" src=\"https:\/\/esmero.halpix.de\/projects\/neueresidenz\/oa\/tour.html\" width=\"100%\" height=\"500\" frameborder=\"0\" allowfullscreen=\"allowfullscreen\"><span data-mce-type=\"bookmark\" style=\"display: inline-block; width: 0px; overflow: hidden; line-height: 0;\" class=\"mce_SELRES_start\">\ufeff<\/span><\/iframe><\/p>\n","protected":false},"excerpt":{"rendered":"<p>\u201eOsterwelten\u201d lautet das Thema der Osterausstellung 2021 in der Neuen Residenz Halle. Die dortige Kreativwerkstatt hat auch in diesem Jahr, gemeinsam mit Langzeitarbeitslosen in einer Arbeitsgelegenheit, unterst\u00fctzt von Mitarbeitern des Beruflichen Bildungswerk e.V. Halle-Saalkreis, ihrer Fantasie freien Lauf gelassen. Vielf\u00e4ltige und einzigartige Gestaltungen, welche auf Fr\u00fchling und insbesondere auf das nahende Osterfest einstimmen sollen, sind&#8230;<\/p>\n","protected":false},"author":1,"featured_media":435,"comment_status":"open","ping_status":"open","sticky":false,"template":"","format":"standard","meta":{"inline_featured_image":false,"pgc_sgb_lightbox_settings":"","footnotes":""},"categories":[31],"tags":[35,36,37,46],"class_list":["post-335","post","type-post","status-publish","format-standard","has-post-thumbnail","hentry","category-360-touren","tag-360-grad","tag-virtuelle-touren","tag-panoramaaufnahmen","tag-neue-residenz"],"_links":{"self":[{"href":"https:\/\/esmero.de\/en\/wp-json\/wp\/v2\/posts\/335","targetHints":{"allow":["GET"]}}],"collection":[{"href":"https:\/\/esmero.de\/en\/wp-json\/wp\/v2\/posts"}],"about":[{"href":"https:\/\/esmero.de\/en\/wp-json\/wp\/v2\/types\/post"}],"author":[{"embeddable":true,"href":"https:\/\/esmero.de\/en\/wp-json\/wp\/v2\/users\/1"}],"replies":[{"embeddable":true,"href":"https:\/\/esmero.de\/en\/wp-json\/wp\/v2\/comments?post=335"}],"version-history":[{"count":5,"href":"https:\/\/esmero.de\/en\/wp-json\/wp\/v2\/posts\/335\/revisions"}],"predecessor-version":[{"id":2993,"href":"https:\/\/esmero.de\/en\/wp-json\/wp\/v2\/posts\/335\/revisions\/2993"}],"wp:featuredmedia":[{"embeddable":true,"href":"https:\/\/esmero.de\/en\/wp-json\/wp\/v2\/media\/435"}],"wp:attachment":[{"href":"https:\/\/esmero.de\/en\/wp-json\/wp\/v2\/media?parent=335"}],"wp:term":[{"taxonomy":"category","embeddable":true,"href":"https:\/\/esmero.de\/en\/wp-json\/wp\/v2\/categories?post=335"},{"taxonomy":"post_tag","embeddable":true,"href":"https:\/\/esmero.de\/en\/wp-json\/wp\/v2\/tags?post=335"}],"curies":[{"name":"wp","href":"https:\/\/api.w.org\/{rel}","templated":true}]}}